{"id":4936,"date":"2018-12-08T17:02:10","date_gmt":"2018-12-08T17:02:10","guid":{"rendered":"https:\/\/villa-mathis.com\/saint-valentin-2018\/"},"modified":"2019-06-14T14:01:16","modified_gmt":"2019-06-14T14:01:16","slug":"saint-valentin-2019","status":"publish","type":"post","link":"https:\/\/villa-mathis.com\/en\/saint-valentin-2019\/","title":{"rendered":"Saint Valentin 2019 en Alsace"},"content":{"rendered":"<div class=\"wpb-content-wrapper\"><p>[vc_row][vc_column width=&#8221;1\/6&#8243;][\/vc_column][vc_column width=&#8221;2\/3&#8243;][vc_column_text css=&#8221;.vc_custom_1546075463761{margin-top: 40px !important;border-top-width: 2px !important;border-right-width: 2px !important;border-bottom-width: 2px !important;border-left-width: 2px !important;padding-top: 20px !important;padding-right: 20px !important;padding-bottom: 20px !important;padding-left: 20px !important;border-left-color: #ffffff !important;border-left-style: solid !important;border-right-color: #ffffff !important;border-right-style: solid !important;border-top-color: #ffffff !important;border-top-style: solid !important;border-bottom-color: #ffffff !important;border-bottom-style: solid !important;border-radius: 25px !important;}&#8221;]<\/p>\n<h2 style=\"text-align: center;\">&nbsp;<\/h2>\n<h2 style=\"text-align: center;\">Saint Valentin 2019 en Alsace ?<br \/>\nc&#8217;est le 16 f\u00e9vrier 2019 :<br \/>\nSaint Valentin en Alsace, \u00e0 la Villa Mathis !<\/h2>\n<p style=\"text-align: center;\"><img loading=\"lazy\" decoding=\"async\" class=\"aligncenter wp-image-4889 size-full\" src=\"https:\/\/villa-mathis.com\/wp-content\/uploads\/2018\/01\/OFFRE-SAINT-VALENTIN.png?_t=1516211252\" alt=\"soir\u00e9e de la SAINT VALENTIN en ALSACE \u00e0 la villa mathis\" width=\"595\" height=\"180\" srcset=\"https:\/\/villa-mathis.com\/wp-content\/uploads\/2018\/01\/OFFRE-SAINT-VALENTIN.png 595w, https:\/\/villa-mathis.com\/wp-content\/uploads\/2018\/01\/OFFRE-SAINT-VALENTIN-300x91.png 300w\" sizes=\"(max-width: 595px) 100vw, 595px\" \/><\/p>\n<h3 style=\"text-align: center;\">&nbsp;<\/h3>\n<h3 style=\"text-align: center;\">Venez passer une soir\u00e9e de Saint Valentin inoubliable sous le signe des<\/h3>\n<h2 style=\"text-align: center;\"><span style=\"color: #94241d;\">7 P\u00c9CH\u00c9S CAPITAUX<\/span><\/h2>\n<p style=\"text-align: center;\">&nbsp;<\/p>\n<h3 style=\"text-align: center;\"><strong>64\u20ac TTC PAR PERSONNE COMPRENANT<\/strong><\/h3>\n<p style=\"text-align: center;\">&nbsp;<\/p>\n<h3 style=\"text-align: center;\"><strong>Ap\u00e9ritif<\/strong><\/h3>\n<p style=\"text-align: center;\">Cocktail Saint Valentin <span style=\"color: #94241d;\">luxuriant<\/span><\/p>\n<p>&nbsp;<\/p>\n<h3 style=\"text-align: center;\"><strong>Assiette \u00e0 partager \u00e0 2<\/strong><\/h3>\n<p style=\"text-align: center;\">Tartine chaude crevette sauce beurre\/citron<\/p>\n<p style=\"text-align: center;\">Brioche perdue d\u2019<span style=\"color: #94241d;\">avarice<\/span> au piment d\u2019espelette, confiture de coing et rose de magret fum\u00e9<\/p>\n<p style=\"text-align: center;\">Tomate <span style=\"color: #94241d;\">envie<\/span> d\u2019amour au s\u00e9same<\/p>\n<p style=\"text-align: center;\">Panacotta au foie gras et crunch de pain d\u2019\u00e9pices<\/p>\n<p style=\"text-align: center;\">Toast de saumon fum\u00e9, avocat, betteraves et cr\u00e8me fouett\u00e9e<\/p>\n<p style=\"text-align: center;\">&nbsp;<\/p>\n<h3 style=\"text-align: center;\"><strong>Plat au choix<\/strong><\/h3>\n<p style=\"text-align: center;\">(choix \u00e0 faire lors de la r\u00e9servation)<\/p>\n<p style=\"text-align: center;\">Magret de canard <span style=\"color: #94241d;\">enorgueilli<\/span> au gingembre et au miel<br \/>\nou<\/p>\n<p style=\"text-align: center;\">Feuillet\u00e9 d\u2019\u00e9glefin aux vapeurs <span style=\"color: #94241d;\">col\u00e9riques<\/span> d\u2019agrumes<\/p>\n<p style=\"text-align: center;\">&nbsp;<\/p>\n<h3 style=\"text-align: center;\"><strong>Duo de fromages<\/strong><\/h3>\n<p style=\"text-align: center;\">en brick <span style=\"color: #94241d;\">paressant<\/span> sur une saladette de m\u00e2che<\/p>\n<p style=\"text-align: center;\">&nbsp;<\/p>\n<h3 style=\"text-align: center;\"><strong>D\u00e9clinaison<\/strong><\/h3>\n<p style=\"text-align: center;\"><strong><span style=\"color: #94241d;\">\u00ab&nbsp;Gourmande&nbsp;\u00bb<\/span>&nbsp;<\/strong>Chocolat\/Orange<\/p>\n<p style=\"text-align: center;\">&nbsp;<\/p>\n<h3 style=\"text-align: center;\">Possibilit\u00e9 de passer votre nuit de la Saint Valentin 2019 en Alsace \u00e0 La Villa Mathis :<br \/>\nnuit\u00e9e en chambre double, <span style=\"color: #94241d;\">garnie d&#8217;un cadeau coquin<\/span>,&nbsp; avec petit d\u00e9jeuner buffet pour 2 personnes \u00e0 130\u20ac<\/h3>\n<p style=\"text-align: center;\">&nbsp;<\/p>\n<p>[\/vc_column_text][vc_column_text css=&#8221;.vc_custom_1546075506215{margin-top: 40px !important;padding-top: 20px !important;padding-right: 20px !important;padding-bottom: 20px !important;padding-left: 20px !important;background-color: #ffffff !important;}&#8221;]<\/p>\n<h3 style=\"text-align: center;\"><span style=\"color: #94241d;\">Pour r\u00e9server ou avoir plus d&#8217;informations<br \/>\nsur la soir\u00e9e Saint Valentin \u00e0 la Villa Mathis<\/span><\/h3>\n<p style=\"text-align: center;\"><strong>Joignez Sandra CUNY au +33 (0)3 90 57 27 00 \/ sandra@villa-mathis.com&nbsp;<\/strong><strong>ou <\/strong><\/p>\n<p>&nbsp;<\/p>\n<p style=\"text-align: center;\"><strong>Imprimer ou partagez le flyer de la soir\u00e9e !<\/strong><\/p>\n<p><a href=\"https:\/\/villa-mathis.com\/wp-content\/uploads\/2018\/12\/OFFRE-SAINT-VALENTIN.pdf\" target=\"_blank\" rel=\"noopener noreferrer\"><img loading=\"lazy\" decoding=\"async\" class=\"aligncenter wp-image-5079 size-medium\" title=\"Saint Valentin 2019 en Alsace\" src=\"https:\/\/villa-mathis.com\/wp-content\/uploads\/2018\/01\/SAINT-VALENTIN-2019-212x300.jpg?_t=1546075490\" alt=\"Saint Valentin 2019 en Alsace\" width=\"212\" height=\"300\" srcset=\"https:\/\/villa-mathis.com\/wp-content\/uploads\/2018\/01\/SAINT-VALENTIN-2019-212x300.jpg 212w, https:\/\/villa-mathis.com\/wp-content\/uploads\/2018\/01\/SAINT-VALENTIN-2019.jpg 650w\" sizes=\"(max-width: 212px) 100vw, 212px\" \/><\/a><\/p>\n<p>&nbsp;[\/vc_column_text][\/vc_column][vc_column width=&#8221;1\/6&#8243;][\/vc_column][\/vc_row]<\/p>\n<\/div>","protected":false},"excerpt":{"rendered":"<p>Samedi 16 f\u00e9vrier 2019 : c&#8217;est la Saint Valentin \u00e0 la Villa Mathis ! Ap\u00e9ritif c\u00e2lin, menu de circonstance, animation surprise \u2026 Programme et r\u00e9servation ici.<\/p>\n","protected":false},"author":4,"featured_media":5484,"comment_status":"closed","ping_status":"closed","sticky":false,"template":"","format":"standard","meta":{"ngg_post_thumbnail":0,"footnotes":""},"categories":[111],"tags":[],"yoast_head":"<!-- This site is optimized with the Yoast SEO plugin v22.4 - https:\/\/yoast.com\/wordpress\/plugins\/seo\/ -->\n<title>Saint Valentin 2019 en Alsace - La Villa Mathis<\/title>\n<meta name=\"description\" content=\"Saint Valentin 2019 en Alsace: 16 f\u00e9vrier 2019,c\u2019est la Saint Valentin \u00e0 la Villa Mathis ! Ap\u00e9ritif c\u00e2lin, menu de circonstance, animation surprise \u2026 Programme et r\u00e9servation ici.\" \/>\n<meta name=\"robots\" content=\"index, follow, max-snippet:-1, max-image-preview:large, max-video-preview:-1\" \/>\n<link rel=\"canonical\" href=\"https:\/\/villa-mathis.com\/en\/saint-valentin-2019\/\" \/>\n<meta property=\"og:locale\" content=\"en_US\" \/>\n<meta property=\"og:type\" content=\"article\" \/>\n<meta property=\"og:title\" content=\"Saint Valentin 2019 en Alsace - La Villa Mathis\" \/>\n<meta property=\"og:description\" content=\"Saint Valentin 2019 en Alsace: 16 f\u00e9vrier 2019,c\u2019est la Saint Valentin \u00e0 la Villa Mathis ! Ap\u00e9ritif c\u00e2lin, menu de circonstance, animation surprise \u2026 Programme et r\u00e9servation ici.\" \/>\n<meta property=\"og:url\" content=\"https:\/\/villa-mathis.com\/en\/saint-valentin-2019\/\" \/>\n<meta property=\"og:site_name\" content=\"La Villa Mathis\" \/>\n<meta property=\"article:publisher\" content=\"https:\/\/www.facebook.com\/VillaMathis\" \/>\n<meta property=\"article:published_time\" content=\"2018-12-08T17:02:10+00:00\" \/>\n<meta property=\"article:modified_time\" content=\"2019-06-14T14:01:16+00:00\" \/>\n<meta property=\"og:image\" content=\"https:\/\/villa-mathis.com\/wp-content\/uploads\/2018\/01\/SAINT-VALENTIN-2019-small.jpg\" \/>\n\t<meta property=\"og:image:width\" content=\"743\" \/>\n\t<meta property=\"og:image:height\" content=\"524\" \/>\n\t<meta property=\"og:image:type\" content=\"image\/jpeg\" \/>\n<meta name=\"author\" content=\"Pascal\" \/>\n<meta name=\"twitter:card\" content=\"summary_large_image\" \/>\n<meta name=\"twitter:creator\" content=\"@mathisvilla\" \/>\n<meta name=\"twitter:site\" content=\"@mathisvilla\" \/>\n<meta name=\"twitter:label1\" content=\"Written by\" \/>\n\t<meta name=\"twitter:data1\" content=\"Pascal\" \/>\n\t<meta name=\"twitter:label2\" content=\"Est. reading time\" \/>\n\t<meta name=\"twitter:data2\" content=\"2 minutes\" \/>\n<script type=\"application\/ld+json\" class=\"yoast-schema-graph\">{\"@context\":\"https:\/\/schema.org\",\"@graph\":[{\"@type\":\"WebPage\",\"@id\":\"https:\/\/villa-mathis.com\/en\/saint-valentin-2019\/\",\"url\":\"https:\/\/villa-mathis.com\/en\/saint-valentin-2019\/\",\"name\":\"Saint Valentin 2019 en Alsace - La Villa Mathis\",\"isPartOf\":{\"@id\":\"https:\/\/villa-mathis.com\/#website\"},\"primaryImageOfPage\":{\"@id\":\"https:\/\/villa-mathis.com\/en\/saint-valentin-2019\/#primaryimage\"},\"image\":{\"@id\":\"https:\/\/villa-mathis.com\/en\/saint-valentin-2019\/#primaryimage\"},\"thumbnailUrl\":\"https:\/\/villa-mathis.com\/wp-content\/uploads\/2018\/01\/SAINT-VALENTIN-2019-small.jpg\",\"datePublished\":\"2018-12-08T17:02:10+00:00\",\"dateModified\":\"2019-06-14T14:01:16+00:00\",\"author\":{\"@id\":\"https:\/\/villa-mathis.com\/#\/schema\/person\/f35d98db17dba267256d6a95cae64224\"},\"description\":\"Saint Valentin 2019 en Alsace: 16 f\u00e9vrier 2019,c\u2019est la Saint Valentin \u00e0 la Villa Mathis ! Ap\u00e9ritif c\u00e2lin, menu de circonstance, animation surprise \u2026 Programme et r\u00e9servation ici.\",\"breadcrumb\":{\"@id\":\"https:\/\/villa-mathis.com\/en\/saint-valentin-2019\/#breadcrumb\"},\"inLanguage\":\"en-US\",\"potentialAction\":[{\"@type\":\"ReadAction\",\"target\":[\"https:\/\/villa-mathis.com\/en\/saint-valentin-2019\/\"]}]},{\"@type\":\"ImageObject\",\"inLanguage\":\"en-US\",\"@id\":\"https:\/\/villa-mathis.com\/en\/saint-valentin-2019\/#primaryimage\",\"url\":\"https:\/\/villa-mathis.com\/wp-content\/uploads\/2018\/01\/SAINT-VALENTIN-2019-small.jpg\",\"contentUrl\":\"https:\/\/villa-mathis.com\/wp-content\/uploads\/2018\/01\/SAINT-VALENTIN-2019-small.jpg\",\"width\":743,\"height\":524},{\"@type\":\"BreadcrumbList\",\"@id\":\"https:\/\/villa-mathis.com\/en\/saint-valentin-2019\/#breadcrumb\",\"itemListElement\":[{\"@type\":\"ListItem\",\"position\":1,\"name\":\"Accueil\",\"item\":\"https:\/\/villa-mathis.com\/en\/\"},{\"@type\":\"ListItem\",\"position\":2,\"name\":\"Saint Valentin 2019 en Alsace\"}]},{\"@type\":\"WebSite\",\"@id\":\"https:\/\/villa-mathis.com\/#website\",\"url\":\"https:\/\/villa-mathis.com\/\",\"name\":\"La Villa Mathis\",\"description\":\"Sp\u00e9cialiste du S\u00e9minaire et du Mariage (Alsace et Vosges)\",\"potentialAction\":[{\"@type\":\"SearchAction\",\"target\":{\"@type\":\"EntryPoint\",\"urlTemplate\":\"https:\/\/villa-mathis.com\/?s={search_term_string}\"},\"query-input\":\"required name=search_term_string\"}],\"inLanguage\":\"en-US\"},{\"@type\":\"Person\",\"@id\":\"https:\/\/villa-mathis.com\/#\/schema\/person\/f35d98db17dba267256d6a95cae64224\",\"name\":\"Pascal\",\"image\":{\"@type\":\"ImageObject\",\"inLanguage\":\"en-US\",\"@id\":\"https:\/\/villa-mathis.com\/#\/schema\/person\/image\/\",\"url\":\"https:\/\/secure.gravatar.com\/avatar\/f8419dc302be4c8efc9ff10543f2eb2c?s=96&d=mm&r=g\",\"contentUrl\":\"https:\/\/secure.gravatar.com\/avatar\/f8419dc302be4c8efc9ff10543f2eb2c?s=96&d=mm&r=g\",\"caption\":\"Pascal\"}}]}<\/script>\n<!-- \/ Yoast SEO plugin. -->","yoast_head_json":{"title":"Saint Valentin 2019 en Alsace - La Villa Mathis","description":"Saint Valentin 2019 en Alsace: 16 f\u00e9vrier 2019,c\u2019est la Saint Valentin \u00e0 la Villa Mathis ! Ap\u00e9ritif c\u00e2lin, menu de circonstance, animation surprise \u2026 Programme et r\u00e9servation ici.","robots":{"index":"index","follow":"follow","max-snippet":"max-snippet:-1","max-image-preview":"max-image-preview:large","max-video-preview":"max-video-preview:-1"},"canonical":"https:\/\/villa-mathis.com\/en\/saint-valentin-2019\/","og_locale":"en_US","og_type":"article","og_title":"Saint Valentin 2019 en Alsace - La Villa Mathis","og_description":"Saint Valentin 2019 en Alsace: 16 f\u00e9vrier 2019,c\u2019est la Saint Valentin \u00e0 la Villa Mathis ! Ap\u00e9ritif c\u00e2lin, menu de circonstance, animation surprise \u2026 Programme et r\u00e9servation ici.","og_url":"https:\/\/villa-mathis.com\/en\/saint-valentin-2019\/","og_site_name":"La Villa Mathis","article_publisher":"https:\/\/www.facebook.com\/VillaMathis","article_published_time":"2018-12-08T17:02:10+00:00","article_modified_time":"2019-06-14T14:01:16+00:00","og_image":[{"width":743,"height":524,"url":"https:\/\/villa-mathis.com\/wp-content\/uploads\/2018\/01\/SAINT-VALENTIN-2019-small.jpg","type":"image\/jpeg"}],"author":"Pascal","twitter_card":"summary_large_image","twitter_creator":"@mathisvilla","twitter_site":"@mathisvilla","twitter_misc":{"Written by":"Pascal","Est. reading time":"2 minutes"},"schema":{"@context":"https:\/\/schema.org","@graph":[{"@type":"WebPage","@id":"https:\/\/villa-mathis.com\/en\/saint-valentin-2019\/","url":"https:\/\/villa-mathis.com\/en\/saint-valentin-2019\/","name":"Saint Valentin 2019 en Alsace - La Villa Mathis","isPartOf":{"@id":"https:\/\/villa-mathis.com\/#website"},"primaryImageOfPage":{"@id":"https:\/\/villa-mathis.com\/en\/saint-valentin-2019\/#primaryimage"},"image":{"@id":"https:\/\/villa-mathis.com\/en\/saint-valentin-2019\/#primaryimage"},"thumbnailUrl":"https:\/\/villa-mathis.com\/wp-content\/uploads\/2018\/01\/SAINT-VALENTIN-2019-small.jpg","datePublished":"2018-12-08T17:02:10+00:00","dateModified":"2019-06-14T14:01:16+00:00","author":{"@id":"https:\/\/villa-mathis.com\/#\/schema\/person\/f35d98db17dba267256d6a95cae64224"},"description":"Saint Valentin 2019 en Alsace: 16 f\u00e9vrier 2019,c\u2019est la Saint Valentin \u00e0 la Villa Mathis ! Ap\u00e9ritif c\u00e2lin, menu de circonstance, animation surprise \u2026 Programme et r\u00e9servation ici.","breadcrumb":{"@id":"https:\/\/villa-mathis.com\/en\/saint-valentin-2019\/#breadcrumb"},"inLanguage":"en-US","potentialAction":[{"@type":"ReadAction","target":["https:\/\/villa-mathis.com\/en\/saint-valentin-2019\/"]}]},{"@type":"ImageObject","inLanguage":"en-US","@id":"https:\/\/villa-mathis.com\/en\/saint-valentin-2019\/#primaryimage","url":"https:\/\/villa-mathis.com\/wp-content\/uploads\/2018\/01\/SAINT-VALENTIN-2019-small.jpg","contentUrl":"https:\/\/villa-mathis.com\/wp-content\/uploads\/2018\/01\/SAINT-VALENTIN-2019-small.jpg","width":743,"height":524},{"@type":"BreadcrumbList","@id":"https:\/\/villa-mathis.com\/en\/saint-valentin-2019\/#breadcrumb","itemListElement":[{"@type":"ListItem","position":1,"name":"Accueil","item":"https:\/\/villa-mathis.com\/en\/"},{"@type":"ListItem","position":2,"name":"Saint Valentin 2019 en Alsace"}]},{"@type":"WebSite","@id":"https:\/\/villa-mathis.com\/#website","url":"https:\/\/villa-mathis.com\/","name":"La Villa Mathis","description":"Sp\u00e9cialiste du S\u00e9minaire et du Mariage (Alsace et Vosges)","potentialAction":[{"@type":"SearchAction","target":{"@type":"EntryPoint","urlTemplate":"https:\/\/villa-mathis.com\/?s={search_term_string}"},"query-input":"required name=search_term_string"}],"inLanguage":"en-US"},{"@type":"Person","@id":"https:\/\/villa-mathis.com\/#\/schema\/person\/f35d98db17dba267256d6a95cae64224","name":"Pascal","image":{"@type":"ImageObject","inLanguage":"en-US","@id":"https:\/\/villa-mathis.com\/#\/schema\/person\/image\/","url":"https:\/\/secure.gravatar.com\/avatar\/f8419dc302be4c8efc9ff10543f2eb2c?s=96&d=mm&r=g","contentUrl":"https:\/\/secure.gravatar.com\/avatar\/f8419dc302be4c8efc9ff10543f2eb2c?s=96&d=mm&r=g","caption":"Pascal"}}]}},"_links":{"self":[{"href":"https:\/\/villa-mathis.com\/en\/wp-json\/wp\/v2\/posts\/4936"}],"collection":[{"href":"https:\/\/villa-mathis.com\/en\/wp-json\/wp\/v2\/posts"}],"about":[{"href":"https:\/\/villa-mathis.com\/en\/wp-json\/wp\/v2\/types\/post"}],"author":[{"embeddable":true,"href":"https:\/\/villa-mathis.com\/en\/wp-json\/wp\/v2\/users\/4"}],"replies":[{"embeddable":true,"href":"https:\/\/villa-mathis.com\/en\/wp-json\/wp\/v2\/comments?post=4936"}],"version-history":[{"count":10,"href":"https:\/\/villa-mathis.com\/en\/wp-json\/wp\/v2\/posts\/4936\/revisions"}],"predecessor-version":[{"id":5521,"href":"https:\/\/villa-mathis.com\/en\/wp-json\/wp\/v2\/posts\/4936\/revisions\/5521"}],"wp:featuredmedia":[{"embeddable":true,"href":"https:\/\/villa-mathis.com\/en\/wp-json\/wp\/v2\/media\/5484"}],"wp:attachment":[{"href":"https:\/\/villa-mathis.com\/en\/wp-json\/wp\/v2\/media?parent=4936"}],"wp:term":[{"taxonomy":"category","embeddable":true,"href":"https:\/\/villa-mathis.com\/en\/wp-json\/wp\/v2\/categories?post=4936"},{"taxonomy":"post_tag","embeddable":true,"href":"https:\/\/villa-mathis.com\/en\/wp-json\/wp\/v2\/tags?post=4936"}],"curies":[{"name":"wp","href":"https:\/\/api.w.org\/{rel}","templated":true}]}}