{"id":4765,"date":"2017-06-07T21:25:10","date_gmt":"2017-06-07T21:25:10","guid":{"rendered":"http:\/\/villa-mathis.com\/fetes-de-noel-entreprises-2017\/"},"modified":"2017-06-29T09:13:21","modified_gmt":"2017-06-29T09:13:21","slug":"fetes-de-noel-entreprises-2017","status":"publish","type":"post","link":"https:\/\/villa-mathis.com\/en\/fetes-de-noel-entreprises-2017\/","title":{"rendered":"F\u00eates de No\u00ebl Entreprises 2017"},"content":{"rendered":"<div class=\"wpb-content-wrapper\"><p>[vc_row][vc_column][vc_column_text]<\/p>\n<h2>D\u00e9couvrez et anticipez !<\/h2>\n<p>&nbsp;<\/p>\n<p>Cette offre est une premi\u00e8re approche destin\u00e9e \u00e0 aider nos clients \u00e0 pr\u00e9parer les &#8220;F\u00eates de No\u00ebl Entreprises 2017&#8221;.<\/p>\n<p>Consultez-nous pour que nous adaptions ensemble cette offre \u00e0 vos besoins pr\u00e9cis. Nous nous adapterons \u00e0 vos envies !<\/p>\n<p style=\"text-align: center;\"><span class=\"fsl\"><br \/>\n<strong>+33 (0)3 90 57 27 00 ou nous <a href=\"https:\/\/villa-mathis.com\/contact-plan-dacces\/\" target=\"_blank\" rel=\"noopener noreferrer\" class=\"broken_link\">contacter<\/a><\/strong><br \/>\n<\/span><\/p>\n<p>[\/vc_column_text][vc_column_text]V\u00e9ritable partenaire, notre \u00e9quipe est \u00e0 votre \u00e9coute pour vous accompagner dans l\u2019organisation de votre \u00e9v\u00e9nement et vous assure un moment sur-mesure, \u00e0 votre image et r\u00e9ussi.<\/p>\n<p><strong>Vous pouvez vous reposer sur notre expertise en organisation pour que votre \u00e9v\u00e9nement soit unique.<\/strong><\/p>\n<p>Besoin de conseils ou d\u2019un accompagnement complet notre \u00e9quipe r\u00e9pond \u00e0 vos demandes.[\/vc_column_text][\/vc_column][\/vc_row][vc_row p_top=&#8221;30&#8243;][vc_column width=&#8221;1\/4&#8243;][\/vc_column][vc_column width=&#8221;1\/4&#8243;]<div style=\"text-align:center\"><a  class=\"wbc-button button btn-primary no-hover\" href=\"http:\/\/villa-mathis.com\/wp-content\/uploads\/2017\/06\/OFFRE-NOEL.pdf\" target=\"_blank\"  >T\u00e9l\u00e9chargez notre offre ``Noel 2017``<\/a><\/div>[\/vc_column][vc_column width=&#8221;1\/4&#8243;]<div style=\"text-align:center\"><a  class=\"wbc-button button btn-primary no-hover\" href=\"http:\/\/villa-mathis.com\/seminaire\/\" target=\"_blank\"  >D\u00e9couvrez toutes nos offres ``Entreprises``<\/a><\/div>[\/vc_column][vc_column width=&#8221;1\/4&#8243;][\/vc_column][\/vc_row][vc_row][vc_column][vc_single_image image=&#8221;4757&#8243; img_size=&#8221;large&#8221; alignment=&#8221;center&#8221; onclick=&#8221;custom_link&#8221; link=&#8221;https:\/\/villa-mathis.com\/wp-content\/uploads\/2017\/06\/OFFRE-NOEL.pdf&#8221; css=&#8221;.vc_custom_1496869996169{padding-top: 50px !important;}&#8221;][\/vc_column][\/vc_row]<\/p>\n<\/div>","protected":false},"excerpt":{"rendered":"<p>[vc_row][vc_column][vc_column_text] D\u00e9couvrez et anticipez ! &nbsp; Cette offre est une premi\u00e8re approche destin\u00e9e \u00e0 aider nos clients \u00e0 pr\u00e9parer les &#8220;F\u00eates de No\u00ebl Entreprises 2017&#8221;. Consultez-nous pour que nous adaptions ensemble cette offre \u00e0 vos besoins pr\u00e9cis. Nous nous adapterons \u00e0 vos envies ! +33 (0)3 90 57 27 00 ou nous contacter [\/vc_column_text][vc_column_text]V\u00e9ritable partenaire, [&hellip;]<\/p>\n","protected":false},"author":4,"featured_media":4756,"comment_status":"closed","ping_status":"closed","sticky":false,"template":"","format":"standard","meta":{"ngg_post_thumbnail":0,"footnotes":""},"categories":[111],"tags":[],"yoast_head":"<!-- This site is optimized with the Yoast SEO plugin v22.4 - https:\/\/yoast.com\/wordpress\/plugins\/seo\/ -->\n<title>F\u00eates de No\u00ebl Entreprises 2017 - La Villa Mathis<\/title>\n<meta name=\"robots\" content=\"index, follow, max-snippet:-1, max-image-preview:large, max-video-preview:-1\" \/>\n<link rel=\"canonical\" href=\"https:\/\/villa-mathis.com\/en\/fetes-de-noel-entreprises-2017\/\" \/>\n<meta property=\"og:locale\" content=\"en_US\" \/>\n<meta property=\"og:type\" content=\"article\" \/>\n<meta property=\"og:title\" content=\"F\u00eates de No\u00ebl Entreprises 2017 - La Villa Mathis\" \/>\n<meta property=\"og:description\" content=\"[vc_row][vc_column][vc_column_text] D\u00e9couvrez et anticipez ! &nbsp; Cette offre est une premi\u00e8re approche destin\u00e9e \u00e0 aider nos clients \u00e0 pr\u00e9parer les &#8220;F\u00eates de No\u00ebl Entreprises 2017&#8221;. Consultez-nous pour que nous adaptions ensemble cette offre \u00e0 vos besoins pr\u00e9cis. Nous nous adapterons \u00e0 vos envies ! +33 (0)3 90 57 27 00 ou nous contacter [\/vc_column_text][vc_column_text]V\u00e9ritable partenaire, [&hellip;]\" \/>\n<meta property=\"og:url\" content=\"https:\/\/villa-mathis.com\/en\/fetes-de-noel-entreprises-2017\/\" \/>\n<meta property=\"og:site_name\" content=\"La Villa Mathis\" \/>\n<meta property=\"article:publisher\" content=\"https:\/\/www.facebook.com\/VillaMathis\" \/>\n<meta property=\"article:published_time\" content=\"2017-06-07T21:25:10+00:00\" \/>\n<meta property=\"article:modified_time\" content=\"2017-06-29T09:13:21+00:00\" \/>\n<meta property=\"og:image\" content=\"https:\/\/villa-mathis.com\/wp-content\/uploads\/2017\/06\/OFFRE-NOEL-1-1.png\" \/>\n\t<meta property=\"og:image:width\" content=\"800\" \/>\n\t<meta property=\"og:image:height\" content=\"444\" \/>\n\t<meta property=\"og:image:type\" content=\"image\/png\" \/>\n<meta name=\"author\" content=\"Pascal\" \/>\n<meta name=\"twitter:card\" content=\"summary_large_image\" \/>\n<meta name=\"twitter:creator\" content=\"@mathisvilla\" \/>\n<meta name=\"twitter:site\" content=\"@mathisvilla\" \/>\n<meta name=\"twitter:label1\" content=\"Written by\" \/>\n\t<meta name=\"twitter:data1\" content=\"Pascal\" \/>\n\t<meta name=\"twitter:label2\" content=\"Est. reading time\" \/>\n\t<meta name=\"twitter:data2\" content=\"1 minute\" \/>\n<script type=\"application\/ld+json\" class=\"yoast-schema-graph\">{\"@context\":\"https:\/\/schema.org\",\"@graph\":[{\"@type\":\"WebPage\",\"@id\":\"https:\/\/villa-mathis.com\/en\/fetes-de-noel-entreprises-2017\/\",\"url\":\"https:\/\/villa-mathis.com\/en\/fetes-de-noel-entreprises-2017\/\",\"name\":\"F\u00eates de No\u00ebl Entreprises 2017 - La Villa Mathis\",\"isPartOf\":{\"@id\":\"https:\/\/villa-mathis.com\/#website\"},\"primaryImageOfPage\":{\"@id\":\"https:\/\/villa-mathis.com\/en\/fetes-de-noel-entreprises-2017\/#primaryimage\"},\"image\":{\"@id\":\"https:\/\/villa-mathis.com\/en\/fetes-de-noel-entreprises-2017\/#primaryimage\"},\"thumbnailUrl\":\"https:\/\/villa-mathis.com\/wp-content\/uploads\/2017\/06\/OFFRE-NOEL-1-1.png\",\"datePublished\":\"2017-06-07T21:25:10+00:00\",\"dateModified\":\"2017-06-29T09:13:21+00:00\",\"author\":{\"@id\":\"https:\/\/villa-mathis.com\/#\/schema\/person\/f35d98db17dba267256d6a95cae64224\"},\"breadcrumb\":{\"@id\":\"https:\/\/villa-mathis.com\/en\/fetes-de-noel-entreprises-2017\/#breadcrumb\"},\"inLanguage\":\"en-US\",\"potentialAction\":[{\"@type\":\"ReadAction\",\"target\":[\"https:\/\/villa-mathis.com\/en\/fetes-de-noel-entreprises-2017\/\"]}]},{\"@type\":\"ImageObject\",\"inLanguage\":\"en-US\",\"@id\":\"https:\/\/villa-mathis.com\/en\/fetes-de-noel-entreprises-2017\/#primaryimage\",\"url\":\"https:\/\/villa-mathis.com\/wp-content\/uploads\/2017\/06\/OFFRE-NOEL-1-1.png\",\"contentUrl\":\"https:\/\/villa-mathis.com\/wp-content\/uploads\/2017\/06\/OFFRE-NOEL-1-1.png\",\"width\":800,\"height\":444,\"caption\":\"F\u00eates de No\u00ebl \\\"Entreprises\\\" 2017\"},{\"@type\":\"BreadcrumbList\",\"@id\":\"https:\/\/villa-mathis.com\/en\/fetes-de-noel-entreprises-2017\/#breadcrumb\",\"itemListElement\":[{\"@type\":\"ListItem\",\"position\":1,\"name\":\"Accueil\",\"item\":\"https:\/\/villa-mathis.com\/en\/\"},{\"@type\":\"ListItem\",\"position\":2,\"name\":\"F\u00eates de No\u00ebl Entreprises 2017\"}]},{\"@type\":\"WebSite\",\"@id\":\"https:\/\/villa-mathis.com\/#website\",\"url\":\"https:\/\/villa-mathis.com\/\",\"name\":\"La Villa Mathis\",\"description\":\"Sp\u00e9cialiste du S\u00e9minaire et du Mariage (Alsace et Vosges)\",\"potentialAction\":[{\"@type\":\"SearchAction\",\"target\":{\"@type\":\"EntryPoint\",\"urlTemplate\":\"https:\/\/villa-mathis.com\/?s={search_term_string}\"},\"query-input\":\"required name=search_term_string\"}],\"inLanguage\":\"en-US\"},{\"@type\":\"Person\",\"@id\":\"https:\/\/villa-mathis.com\/#\/schema\/person\/f35d98db17dba267256d6a95cae64224\",\"name\":\"Pascal\",\"image\":{\"@type\":\"ImageObject\",\"inLanguage\":\"en-US\",\"@id\":\"https:\/\/villa-mathis.com\/#\/schema\/person\/image\/\",\"url\":\"https:\/\/secure.gravatar.com\/avatar\/f8419dc302be4c8efc9ff10543f2eb2c?s=96&d=mm&r=g\",\"contentUrl\":\"https:\/\/secure.gravatar.com\/avatar\/f8419dc302be4c8efc9ff10543f2eb2c?s=96&d=mm&r=g\",\"caption\":\"Pascal\"}}]}<\/script>\n<!-- \/ Yoast SEO plugin. -->","yoast_head_json":{"title":"F\u00eates de No\u00ebl Entreprises 2017 - La Villa Mathis","robots":{"index":"index","follow":"follow","max-snippet":"max-snippet:-1","max-image-preview":"max-image-preview:large","max-video-preview":"max-video-preview:-1"},"canonical":"https:\/\/villa-mathis.com\/en\/fetes-de-noel-entreprises-2017\/","og_locale":"en_US","og_type":"article","og_title":"F\u00eates de No\u00ebl Entreprises 2017 - La Villa Mathis","og_description":"[vc_row][vc_column][vc_column_text] D\u00e9couvrez et anticipez ! &nbsp; Cette offre est une premi\u00e8re approche destin\u00e9e \u00e0 aider nos clients \u00e0 pr\u00e9parer les &#8220;F\u00eates de No\u00ebl Entreprises 2017&#8221;. Consultez-nous pour que nous adaptions ensemble cette offre \u00e0 vos besoins pr\u00e9cis. Nous nous adapterons \u00e0 vos envies ! +33 (0)3 90 57 27 00 ou nous contacter [\/vc_column_text][vc_column_text]V\u00e9ritable partenaire, [&hellip;]","og_url":"https:\/\/villa-mathis.com\/en\/fetes-de-noel-entreprises-2017\/","og_site_name":"La Villa Mathis","article_publisher":"https:\/\/www.facebook.com\/VillaMathis","article_published_time":"2017-06-07T21:25:10+00:00","article_modified_time":"2017-06-29T09:13:21+00:00","og_image":[{"width":800,"height":444,"url":"https:\/\/villa-mathis.com\/wp-content\/uploads\/2017\/06\/OFFRE-NOEL-1-1.png","type":"image\/png"}],"author":"Pascal","twitter_card":"summary_large_image","twitter_creator":"@mathisvilla","twitter_site":"@mathisvilla","twitter_misc":{"Written by":"Pascal","Est. reading time":"1 minute"},"schema":{"@context":"https:\/\/schema.org","@graph":[{"@type":"WebPage","@id":"https:\/\/villa-mathis.com\/en\/fetes-de-noel-entreprises-2017\/","url":"https:\/\/villa-mathis.com\/en\/fetes-de-noel-entreprises-2017\/","name":"F\u00eates de No\u00ebl Entreprises 2017 - La Villa Mathis","isPartOf":{"@id":"https:\/\/villa-mathis.com\/#website"},"primaryImageOfPage":{"@id":"https:\/\/villa-mathis.com\/en\/fetes-de-noel-entreprises-2017\/#primaryimage"},"image":{"@id":"https:\/\/villa-mathis.com\/en\/fetes-de-noel-entreprises-2017\/#primaryimage"},"thumbnailUrl":"https:\/\/villa-mathis.com\/wp-content\/uploads\/2017\/06\/OFFRE-NOEL-1-1.png","datePublished":"2017-06-07T21:25:10+00:00","dateModified":"2017-06-29T09:13:21+00:00","author":{"@id":"https:\/\/villa-mathis.com\/#\/schema\/person\/f35d98db17dba267256d6a95cae64224"},"breadcrumb":{"@id":"https:\/\/villa-mathis.com\/en\/fetes-de-noel-entreprises-2017\/#breadcrumb"},"inLanguage":"en-US","potentialAction":[{"@type":"ReadAction","target":["https:\/\/villa-mathis.com\/en\/fetes-de-noel-entreprises-2017\/"]}]},{"@type":"ImageObject","inLanguage":"en-US","@id":"https:\/\/villa-mathis.com\/en\/fetes-de-noel-entreprises-2017\/#primaryimage","url":"https:\/\/villa-mathis.com\/wp-content\/uploads\/2017\/06\/OFFRE-NOEL-1-1.png","contentUrl":"https:\/\/villa-mathis.com\/wp-content\/uploads\/2017\/06\/OFFRE-NOEL-1-1.png","width":800,"height":444,"caption":"F\u00eates de No\u00ebl \"Entreprises\" 2017"},{"@type":"BreadcrumbList","@id":"https:\/\/villa-mathis.com\/en\/fetes-de-noel-entreprises-2017\/#breadcrumb","itemListElement":[{"@type":"ListItem","position":1,"name":"Accueil","item":"https:\/\/villa-mathis.com\/en\/"},{"@type":"ListItem","position":2,"name":"F\u00eates de No\u00ebl Entreprises 2017"}]},{"@type":"WebSite","@id":"https:\/\/villa-mathis.com\/#website","url":"https:\/\/villa-mathis.com\/","name":"La Villa Mathis","description":"Sp\u00e9cialiste du S\u00e9minaire et du Mariage (Alsace et Vosges)","potentialAction":[{"@type":"SearchAction","target":{"@type":"EntryPoint","urlTemplate":"https:\/\/villa-mathis.com\/?s={search_term_string}"},"query-input":"required name=search_term_string"}],"inLanguage":"en-US"},{"@type":"Person","@id":"https:\/\/villa-mathis.com\/#\/schema\/person\/f35d98db17dba267256d6a95cae64224","name":"Pascal","image":{"@type":"ImageObject","inLanguage":"en-US","@id":"https:\/\/villa-mathis.com\/#\/schema\/person\/image\/","url":"https:\/\/secure.gravatar.com\/avatar\/f8419dc302be4c8efc9ff10543f2eb2c?s=96&d=mm&r=g","contentUrl":"https:\/\/secure.gravatar.com\/avatar\/f8419dc302be4c8efc9ff10543f2eb2c?s=96&d=mm&r=g","caption":"Pascal"}}]}},"_links":{"self":[{"href":"https:\/\/villa-mathis.com\/en\/wp-json\/wp\/v2\/posts\/4765"}],"collection":[{"href":"https:\/\/villa-mathis.com\/en\/wp-json\/wp\/v2\/posts"}],"about":[{"href":"https:\/\/villa-mathis.com\/en\/wp-json\/wp\/v2\/types\/post"}],"author":[{"embeddable":true,"href":"https:\/\/villa-mathis.com\/en\/wp-json\/wp\/v2\/users\/4"}],"replies":[{"embeddable":true,"href":"https:\/\/villa-mathis.com\/en\/wp-json\/wp\/v2\/comments?post=4765"}],"version-history":[{"count":9,"href":"https:\/\/villa-mathis.com\/en\/wp-json\/wp\/v2\/posts\/4765\/revisions"}],"predecessor-version":[{"id":4801,"href":"https:\/\/villa-mathis.com\/en\/wp-json\/wp\/v2\/posts\/4765\/revisions\/4801"}],"wp:featuredmedia":[{"embeddable":true,"href":"https:\/\/villa-mathis.com\/en\/wp-json\/wp\/v2\/media\/4756"}],"wp:attachment":[{"href":"https:\/\/villa-mathis.com\/en\/wp-json\/wp\/v2\/media?parent=4765"}],"wp:term":[{"taxonomy":"category","embeddable":true,"href":"https:\/\/villa-mathis.com\/en\/wp-json\/wp\/v2\/categories?post=4765"},{"taxonomy":"post_tag","embeddable":true,"href":"https:\/\/villa-mathis.com\/en\/wp-json\/wp\/v2\/tags?post=4765"}],"curies":[{"name":"wp","href":"https:\/\/api.w.org\/{rel}","templated":true}]}}