{"id":1931,"date":"2015-07-06T10:39:50","date_gmt":"2015-07-06T10:39:50","guid":{"rendered":"http:\/\/villa-mathis.com\/?p=1931"},"modified":"2016-11-26T09:48:43","modified_gmt":"2016-11-26T09:48:43","slug":"soiree-privee-the-place-to-be-7-aout-2","status":"publish","type":"post","link":"https:\/\/villa-mathis.com\/en\/soiree-privee-the-place-to-be-7-aout-2\/","title":{"rendered":"Soir\u00e9e Priv\u00e9e &#8211; The Place To Be &#8211; 7 ao\u00fbt"},"content":{"rendered":"<h1>&nbsp;<\/h1>\n<h1><img loading=\"lazy\" decoding=\"async\" class=\"alignnone size-full wp-image-4218\" src=\"https:\/\/villa-mathis.com\/wp-content\/uploads\/2015\/04\/the-place-to-be.png\" alt=\"the-place-to-be\" width=\"851\" height=\"315\" srcset=\"https:\/\/villa-mathis.com\/wp-content\/uploads\/2015\/04\/the-place-to-be.png 851w, https:\/\/villa-mathis.com\/wp-content\/uploads\/2015\/04\/the-place-to-be-768x284.png 768w\" sizes=\"(max-width: 851px) 100vw, 851px\" \/>The Place To Be : le 1er vendredi de chaque mois, de 23h00 \u00e0 l\u2019aube !<\/h1>\n<h3><strong>Ambiance assur\u00e9e DJ internationaux et Barman Champion de France de Flair<\/strong><\/h3>\n<h2>Vendredi 7 ao\u00fbt 2015 &#8211; Cadre d&#8217;exception avec terrasse ext\u00e9rieure am\u00e9nag\u00e9e<\/h2>\n<table class=\" alignenter\" width=\"424\">\n<tbody>\n<tr style=\"background-color: #eda4a4; border-color: #eda4a4; height: 40px;\">\n<td style=\"vertical-align: middle;\" colspan=\"3\"><strong>&nbsp;&nbsp; Entr\u00e9e avec une consommation<\/strong><\/td>\n<\/tr>\n<tr>\n<td>&nbsp;<\/td>\n<td>&nbsp;&nbsp;&nbsp;&nbsp; Pr\u00e9vente (en ligne)<\/td>\n<td><strong>9\u20ac<\/strong><\/td>\n<\/tr>\n<tr>\n<td>&nbsp;<\/td>\n<td>&nbsp;&nbsp;&nbsp;&nbsp; Sur place<\/td>\n<td><strong>12\u20ac<\/strong><\/td>\n<\/tr>\n<tr>\n<td style=\"height: 20px;\">&nbsp;<\/td>\n<td style=\"height: 20px;\">&nbsp;<\/td>\n<td>&nbsp;<\/td>\n<\/tr>\n<tr style=\"background-color: #eda4a4; border-color: #eda4a4; height: 40px;\">\n<td style=\"vertical-align: middle;\" colspan=\"3\"><strong>&nbsp;&nbsp; Consommations<\/strong><\/td>\n<\/tr>\n<tr>\n<td>&nbsp;<\/td>\n<td><strong>&nbsp;&nbsp;&nbsp;&nbsp; SOFTS<\/strong> &#8211; coca, jus d&#8217;orange, jus de pomme &#8230;<\/td>\n<td><strong>1\u20ac<\/strong><\/td>\n<\/tr>\n<tr>\n<td>&nbsp;<\/td>\n<td><strong>&nbsp;&nbsp;&nbsp;&nbsp; BIERES<\/strong> &#8211; 25cl<\/td>\n<td><strong>2\u20ac<\/strong><\/td>\n<\/tr>\n<tr>\n<td>&nbsp;<\/td>\n<td><strong>&nbsp;&nbsp;&nbsp;&nbsp; COCKTAIL CREMANT VILLA MATHIS<\/strong><\/td>\n<td><strong>2\u20ac<\/strong><\/td>\n<\/tr>\n<tr>\n<td>&nbsp;<\/td>\n<td><strong>&nbsp;&nbsp;&nbsp;&nbsp; ALCOOLS FORTS<\/strong> &#8211; Vodka, Whisky, Jet 27<\/td>\n<td><strong>3\u20ac<\/strong><\/td>\n<\/tr>\n<tr>\n<td style=\"height: 20px;\">&nbsp;<\/td>\n<td style=\"height: 20px;\">&nbsp;&nbsp;&nbsp;&nbsp; <strong>MOJITO<\/strong><\/td>\n<td><strong>&nbsp;5\u20ac<\/strong><\/td>\n<\/tr>\n<tr>\n<td style=\"height: 20px;\">&nbsp;<\/td>\n<td style=\"height: 20px;\">&nbsp;<\/td>\n<td>&nbsp;<\/td>\n<\/tr>\n<tr style=\"background-color: #eda4a4; border-color: #eda4a4; height: 40px;\">\n<td style=\"vertical-align: middle;\" colspan=\"3\"><strong>&nbsp;&nbsp; H\u00e9bergement<\/strong><\/td>\n<\/tr>\n<tr>\n<td>&nbsp;<\/td>\n<td><strong>&nbsp;&nbsp;&nbsp;&nbsp; Chambre double et brunch<\/strong><\/td>\n<td><strong>66\u20ac<\/strong><\/td>\n<\/tr>\n<tr>\n<td style=\"height: 20px;\">&nbsp;<\/td>\n<td style=\"height: 20px;\">&nbsp;<\/td>\n<td>&nbsp;<\/td>\n<\/tr>\n<\/tbody>\n<\/table>\n<p style=\"text-align: center;\">&nbsp;<\/p>\n<p style=\"text-align: center;\"><strong>La Villa Mathis &#8211; Col du Kreuzweg &#8211; 67140 Le&nbsp; Hohwald<br \/>\n<\/strong><\/p>\n<p style=\"text-align: center;\"><strong>L\u2019abus d\u2019alcool est dangereux pour la sant\u00e9, \u00e0 consommer avec mod\u00e9ration.<\/strong><\/p>\n<p>&nbsp;<\/p>\n<p style=\"text-align: center;\"><strong>R\u00e9servation vivement recommand\u00e9e !<\/strong><br \/>\n(paiement en ligne s\u00e9curis\u00e9)<\/p>\n<p style=\"text-align: center;\">Ev\u00e9nement termin\u00e9<script src=\"https:\/\/www.weezevent.com\/js\/widget\/min\/widget.min.js\" type=\"text\/javascript\"><\/script><\/p>\n<p style=\"text-align: center;\">L\u2019abus d\u2019alcool est dangereux pour la sant\u00e9, \u00e0 consommer avec mod\u00e9ration.<\/p>\n","protected":false},"excerpt":{"rendered":"<p>The Place To Be : le 7 ao\u00fbt prochain, de 23h00 \u00e0 l\u2019aube !<br \/>\nA la Villa Mathis &#8211; DJ internationaux et Barman Champion de Flair<\/p>\n","protected":false},"author":4,"featured_media":0,"comment_status":"closed","ping_status":"closed","sticky":false,"template":"","format":"standard","meta":{"ngg_post_thumbnail":0,"footnotes":""},"categories":[1],"tags":[],"yoast_head":"<!-- This site is optimized with the Yoast SEO plugin v22.4 - https:\/\/yoast.com\/wordpress\/plugins\/seo\/ -->\n<title>Soir\u00e9e priv\u00e9 \u00e0 la Villa mathis - The Place To Be !<\/title>\n<meta name=\"description\" content=\"The Place To Be : le 7 ao\u00fbt prochain, de 23h00 \u00e0 l\u2019aube ! A la Villa Mathis - DJ internationaux et Barman Champion de Flair\" \/>\n<meta name=\"robots\" content=\"index, follow, max-snippet:-1, max-image-preview:large, max-video-preview:-1\" \/>\n<link rel=\"canonical\" href=\"https:\/\/villa-mathis.com\/de\/soiree-privee-the-place-to-be-7-aout-2\/\" \/>\n<meta property=\"og:locale\" content=\"en_US\" \/>\n<meta property=\"og:type\" content=\"article\" \/>\n<meta property=\"og:title\" content=\"Soir\u00e9e priv\u00e9 \u00e0 la Villa mathis - The Place To Be !\" \/>\n<meta property=\"og:description\" content=\"The Place To Be : le 7 ao\u00fbt prochain, de 23h00 \u00e0 l\u2019aube ! A la Villa Mathis - DJ internationaux et Barman Champion de Flair\" \/>\n<meta property=\"og:url\" content=\"https:\/\/villa-mathis.com\/de\/soiree-privee-the-place-to-be-7-aout-2\/\" \/>\n<meta property=\"og:site_name\" content=\"La Villa Mathis\" \/>\n<meta property=\"article:publisher\" content=\"https:\/\/www.facebook.com\/VillaMathis\" \/>\n<meta property=\"article:published_time\" content=\"2015-07-06T10:39:50+00:00\" \/>\n<meta property=\"article:modified_time\" content=\"2016-11-26T09:48:43+00:00\" \/>\n<meta property=\"og:image\" content=\"https:\/\/villa-mathis.com\/wp-content\/uploads\/2015\/04\/the-place-to-be.png\" \/>\n<meta name=\"author\" content=\"Pascal\" \/>\n<meta name=\"twitter:card\" content=\"summary_large_image\" \/>\n<meta name=\"twitter:creator\" content=\"@mathisvilla\" \/>\n<meta name=\"twitter:site\" content=\"@mathisvilla\" \/>\n<meta name=\"twitter:label1\" content=\"Written by\" \/>\n\t<meta name=\"twitter:data1\" content=\"Pascal\" \/>\n\t<meta name=\"twitter:label2\" content=\"Est. reading time\" \/>\n\t<meta name=\"twitter:data2\" content=\"1 minute\" \/>\n<script type=\"application\/ld+json\" class=\"yoast-schema-graph\">{\"@context\":\"https:\/\/schema.org\",\"@graph\":[{\"@type\":\"WebPage\",\"@id\":\"https:\/\/villa-mathis.com\/de\/soiree-privee-the-place-to-be-7-aout-2\/\",\"url\":\"https:\/\/villa-mathis.com\/de\/soiree-privee-the-place-to-be-7-aout-2\/\",\"name\":\"Soir\u00e9e priv\u00e9 \u00e0 la Villa mathis - The Place To Be !\",\"isPartOf\":{\"@id\":\"https:\/\/villa-mathis.com\/#website\"},\"primaryImageOfPage\":{\"@id\":\"https:\/\/villa-mathis.com\/de\/soiree-privee-the-place-to-be-7-aout-2\/#primaryimage\"},\"image\":{\"@id\":\"https:\/\/villa-mathis.com\/de\/soiree-privee-the-place-to-be-7-aout-2\/#primaryimage\"},\"thumbnailUrl\":\"https:\/\/villa-mathis.com\/wp-content\/uploads\/2015\/04\/the-place-to-be.png\",\"datePublished\":\"2015-07-06T10:39:50+00:00\",\"dateModified\":\"2016-11-26T09:48:43+00:00\",\"author\":{\"@id\":\"https:\/\/villa-mathis.com\/#\/schema\/person\/f35d98db17dba267256d6a95cae64224\"},\"description\":\"The Place To Be : le 7 ao\u00fbt prochain, de 23h00 \u00e0 l\u2019aube ! A la Villa Mathis - DJ internationaux et Barman Champion de Flair\",\"breadcrumb\":{\"@id\":\"https:\/\/villa-mathis.com\/de\/soiree-privee-the-place-to-be-7-aout-2\/#breadcrumb\"},\"inLanguage\":\"en-US\",\"potentialAction\":[{\"@type\":\"ReadAction\",\"target\":[\"https:\/\/villa-mathis.com\/de\/soiree-privee-the-place-to-be-7-aout-2\/\"]}]},{\"@type\":\"ImageObject\",\"inLanguage\":\"en-US\",\"@id\":\"https:\/\/villa-mathis.com\/de\/soiree-privee-the-place-to-be-7-aout-2\/#primaryimage\",\"url\":\"https:\/\/villa-mathis.com\/wp-content\/uploads\/2015\/04\/the-place-to-be.png\",\"contentUrl\":\"https:\/\/villa-mathis.com\/wp-content\/uploads\/2015\/04\/the-place-to-be.png\"},{\"@type\":\"BreadcrumbList\",\"@id\":\"https:\/\/villa-mathis.com\/de\/soiree-privee-the-place-to-be-7-aout-2\/#breadcrumb\",\"itemListElement\":[{\"@type\":\"ListItem\",\"position\":1,\"name\":\"Accueil\",\"item\":\"https:\/\/villa-mathis.com\/en\/\"},{\"@type\":\"ListItem\",\"position\":2,\"name\":\"Soir\u00e9e Priv\u00e9e &#8211; The Place To Be &#8211; 7 ao\u00fbt\"}]},{\"@type\":\"WebSite\",\"@id\":\"https:\/\/villa-mathis.com\/#website\",\"url\":\"https:\/\/villa-mathis.com\/\",\"name\":\"La Villa Mathis\",\"description\":\"Sp\u00e9cialiste du S\u00e9minaire et du Mariage (Alsace et Vosges)\",\"potentialAction\":[{\"@type\":\"SearchAction\",\"target\":{\"@type\":\"EntryPoint\",\"urlTemplate\":\"https:\/\/villa-mathis.com\/?s={search_term_string}\"},\"query-input\":\"required name=search_term_string\"}],\"inLanguage\":\"en-US\"},{\"@type\":\"Person\",\"@id\":\"https:\/\/villa-mathis.com\/#\/schema\/person\/f35d98db17dba267256d6a95cae64224\",\"name\":\"Pascal\",\"image\":{\"@type\":\"ImageObject\",\"inLanguage\":\"en-US\",\"@id\":\"https:\/\/villa-mathis.com\/#\/schema\/person\/image\/\",\"url\":\"https:\/\/secure.gravatar.com\/avatar\/f8419dc302be4c8efc9ff10543f2eb2c?s=96&d=mm&r=g\",\"contentUrl\":\"https:\/\/secure.gravatar.com\/avatar\/f8419dc302be4c8efc9ff10543f2eb2c?s=96&d=mm&r=g\",\"caption\":\"Pascal\"}}]}<\/script>\n<!-- \/ Yoast SEO plugin. -->","yoast_head_json":{"title":"Soir\u00e9e priv\u00e9 \u00e0 la Villa mathis - The Place To Be !","description":"The Place To Be : le 7 ao\u00fbt prochain, de 23h00 \u00e0 l\u2019aube ! A la Villa Mathis - DJ internationaux et Barman Champion de Flair","robots":{"index":"index","follow":"follow","max-snippet":"max-snippet:-1","max-image-preview":"max-image-preview:large","max-video-preview":"max-video-preview:-1"},"canonical":"https:\/\/villa-mathis.com\/de\/soiree-privee-the-place-to-be-7-aout-2\/","og_locale":"en_US","og_type":"article","og_title":"Soir\u00e9e priv\u00e9 \u00e0 la Villa mathis - The Place To Be !","og_description":"The Place To Be : le 7 ao\u00fbt prochain, de 23h00 \u00e0 l\u2019aube ! A la Villa Mathis - DJ internationaux et Barman Champion de Flair","og_url":"https:\/\/villa-mathis.com\/de\/soiree-privee-the-place-to-be-7-aout-2\/","og_site_name":"La Villa Mathis","article_publisher":"https:\/\/www.facebook.com\/VillaMathis","article_published_time":"2015-07-06T10:39:50+00:00","article_modified_time":"2016-11-26T09:48:43+00:00","og_image":[{"url":"https:\/\/villa-mathis.com\/wp-content\/uploads\/2015\/04\/the-place-to-be.png"}],"author":"Pascal","twitter_card":"summary_large_image","twitter_creator":"@mathisvilla","twitter_site":"@mathisvilla","twitter_misc":{"Written by":"Pascal","Est. reading time":"1 minute"},"schema":{"@context":"https:\/\/schema.org","@graph":[{"@type":"WebPage","@id":"https:\/\/villa-mathis.com\/de\/soiree-privee-the-place-to-be-7-aout-2\/","url":"https:\/\/villa-mathis.com\/de\/soiree-privee-the-place-to-be-7-aout-2\/","name":"Soir\u00e9e priv\u00e9 \u00e0 la Villa mathis - The Place To Be !","isPartOf":{"@id":"https:\/\/villa-mathis.com\/#website"},"primaryImageOfPage":{"@id":"https:\/\/villa-mathis.com\/de\/soiree-privee-the-place-to-be-7-aout-2\/#primaryimage"},"image":{"@id":"https:\/\/villa-mathis.com\/de\/soiree-privee-the-place-to-be-7-aout-2\/#primaryimage"},"thumbnailUrl":"https:\/\/villa-mathis.com\/wp-content\/uploads\/2015\/04\/the-place-to-be.png","datePublished":"2015-07-06T10:39:50+00:00","dateModified":"2016-11-26T09:48:43+00:00","author":{"@id":"https:\/\/villa-mathis.com\/#\/schema\/person\/f35d98db17dba267256d6a95cae64224"},"description":"The Place To Be : le 7 ao\u00fbt prochain, de 23h00 \u00e0 l\u2019aube ! A la Villa Mathis - DJ internationaux et Barman Champion de Flair","breadcrumb":{"@id":"https:\/\/villa-mathis.com\/de\/soiree-privee-the-place-to-be-7-aout-2\/#breadcrumb"},"inLanguage":"en-US","potentialAction":[{"@type":"ReadAction","target":["https:\/\/villa-mathis.com\/de\/soiree-privee-the-place-to-be-7-aout-2\/"]}]},{"@type":"ImageObject","inLanguage":"en-US","@id":"https:\/\/villa-mathis.com\/de\/soiree-privee-the-place-to-be-7-aout-2\/#primaryimage","url":"https:\/\/villa-mathis.com\/wp-content\/uploads\/2015\/04\/the-place-to-be.png","contentUrl":"https:\/\/villa-mathis.com\/wp-content\/uploads\/2015\/04\/the-place-to-be.png"},{"@type":"BreadcrumbList","@id":"https:\/\/villa-mathis.com\/de\/soiree-privee-the-place-to-be-7-aout-2\/#breadcrumb","itemListElement":[{"@type":"ListItem","position":1,"name":"Accueil","item":"https:\/\/villa-mathis.com\/en\/"},{"@type":"ListItem","position":2,"name":"Soir\u00e9e Priv\u00e9e &#8211; The Place To Be &#8211; 7 ao\u00fbt"}]},{"@type":"WebSite","@id":"https:\/\/villa-mathis.com\/#website","url":"https:\/\/villa-mathis.com\/","name":"La Villa Mathis","description":"Sp\u00e9cialiste du S\u00e9minaire et du Mariage (Alsace et Vosges)","potentialAction":[{"@type":"SearchAction","target":{"@type":"EntryPoint","urlTemplate":"https:\/\/villa-mathis.com\/?s={search_term_string}"},"query-input":"required name=search_term_string"}],"inLanguage":"en-US"},{"@type":"Person","@id":"https:\/\/villa-mathis.com\/#\/schema\/person\/f35d98db17dba267256d6a95cae64224","name":"Pascal","image":{"@type":"ImageObject","inLanguage":"en-US","@id":"https:\/\/villa-mathis.com\/#\/schema\/person\/image\/","url":"https:\/\/secure.gravatar.com\/avatar\/f8419dc302be4c8efc9ff10543f2eb2c?s=96&d=mm&r=g","contentUrl":"https:\/\/secure.gravatar.com\/avatar\/f8419dc302be4c8efc9ff10543f2eb2c?s=96&d=mm&r=g","caption":"Pascal"}}]}},"_links":{"self":[{"href":"https:\/\/villa-mathis.com\/en\/wp-json\/wp\/v2\/posts\/1931"}],"collection":[{"href":"https:\/\/villa-mathis.com\/en\/wp-json\/wp\/v2\/posts"}],"about":[{"href":"https:\/\/villa-mathis.com\/en\/wp-json\/wp\/v2\/types\/post"}],"author":[{"embeddable":true,"href":"https:\/\/villa-mathis.com\/en\/wp-json\/wp\/v2\/users\/4"}],"replies":[{"embeddable":true,"href":"https:\/\/villa-mathis.com\/en\/wp-json\/wp\/v2\/comments?post=1931"}],"version-history":[{"count":0,"href":"https:\/\/villa-mathis.com\/en\/wp-json\/wp\/v2\/posts\/1931\/revisions"}],"wp:attachment":[{"href":"https:\/\/villa-mathis.com\/en\/wp-json\/wp\/v2\/media?parent=1931"}],"wp:term":[{"taxonomy":"category","embeddable":true,"href":"https:\/\/villa-mathis.com\/en\/wp-json\/wp\/v2\/categories?post=1931"},{"taxonomy":"post_tag","embeddable":true,"href":"https:\/\/villa-mathis.com\/en\/wp-json\/wp\/v2\/tags?post=1931"}],"curies":[{"name":"wp","href":"https:\/\/api.w.org\/{rel}","templated":true}]}}