{"id":924,"date":"2014-01-09T09:11:58","date_gmt":"2014-01-09T08:11:58","guid":{"rendered":"http:\/\/villa-mathis.com\/?p=924"},"modified":"2014-01-09T09:11:58","modified_gmt":"2014-01-09T08:11:58","slug":"19-12-2013-seminaire-professionnel","status":"publish","type":"post","link":"https:\/\/villa-mathis.com\/de\/19-12-2013-seminaire-professionnel\/","title":{"rendered":"19.12.2013 &#8211; S\u00e9minaire professionnel &#8211; 20 personnes"},"content":{"rendered":"<p>Nous avons accueilli pour son s\u00e9minaire professionnel annuel, un acteur r\u00e9gional incontournable de la qualification, de l\u2019emploi, de l\u2019insertion professionnelle et de la formation.<\/p>\n<p>Apr\u00e8s une r\u00e9union de bilan pour 20 personnes, ils ont choisi un g\u00e9ocaching suivi d\u2019une soir\u00e9e raclette anim\u00e9 par un &#8222;Tournez M\u00e9ninges&#8220;. Ils resteront dormir \u00e0 la Villa Mathis.<\/p>\n<p>&nbsp;<\/p>\n<p><img loading=\"lazy\" decoding=\"async\" class=\"aligncenter wp-image-1588\" src=\"https:\/\/villa-mathis.com\/wp-content\/uploads\/2014\/01\/Geocaching-200x150.jpg\" alt=\"activit\u00e9 s\u00e9minaire\" width=\"351\" height=\"263\" \/><\/p>\n<p>&nbsp;<\/p>\n<p>Pour un s\u00e9minaire professionnel, une r\u00e9union d\u2019entreprise, des journ\u00e9es de travail ou des actions de team building, \u00e0 la Villa Mathis, nous cr\u00e9ons du <strong>sur-mesure<\/strong> selon le cadre d\u00e9fini par nos clients.<\/p>\n<p>Nos plus grandes forces : \u00catre \u00e0 votre <strong>\u00e9coute<\/strong>, s\u2019adapter au <strong>sens<\/strong> que vous souhaitez donner \u00e0 vos convives, Faire des <strong>promesses<\/strong> et les <strong>respecter<\/strong>. C\u2019est en apprenant \u00e0 conna\u00eetre nos clients et en <strong>s\u2019engageant \u00e0 vos c\u00f4t\u00e9s<\/strong> que nous r\u00e9ussissons vos \u00e9v\u00e9nements.<br \/>\nEn fonction de l\u2019ambiance souhait\u00e9e pour vos d\u00eeners, nous vous proposons un large choix de repas unique : <strong>raclette<\/strong>, fondue, barbecue, sanglier, tartes flamb\u00e9es, ou des formules de buffets, cocktails, d\u00eeners en Ferme Auberge ou <strong>Yourte<\/strong> Mongole.<\/p>\n<p>Au del\u00e0 du s\u00e9minaire professionnel, venez profiter de la nature et du grand air, en Alsace, \u00e0 l\u2019or\u00e9e du massif des Vosges !<\/p>\n<p>Id\u00e9alement situ\u00e9e en Alsace (bas-rhin \/ 67), \u00e0 deux pas de S\u00e9lestat (entre Colmar et Strasbourg) dans le massif des Vosges \u00e0 768m d\u2019altitude, lors de vos s\u00e9minaires d\u2019entreprise, vous pourrez profiter de la nature environnante ainsi que des nombreuses activit\u00e9s et animations que nous pouvons vous proposer.<\/p>\n","protected":false},"excerpt":{"rendered":"<p>Nous avons accueilli pour son s\u00e9minaire professionnel annuel, un acteur r\u00e9gional incontournable de la qualification, de l\u2019emploi, de l\u2019insertion professionnelle et de la formation. Apr\u00e8s une r\u00e9union de bilan pour 20 personnes, ils ont choisi un g\u00e9ocaching suivi d\u2019une soir\u00e9e raclette anim\u00e9 par un &#8222;Tournez M\u00e9ninges&#8220;. Ils resteront dormir \u00e0 la Villa Mathis. &nbsp; &nbsp; [&hellip;]<\/p>\n","protected":false},"author":4,"featured_media":0,"comment_status":"open","ping_status":"open","sticky":false,"template":"","format":"standard","meta":{"ngg_post_thumbnail":0,"footnotes":""},"categories":[1],"tags":[],"yoast_head":"<!-- This site is optimized with the Yoast SEO plugin v22.4 - https:\/\/yoast.com\/wordpress\/plugins\/seo\/ -->\n<title>S\u00e9minaire professionnel<\/title>\n<meta name=\"description\" content=\"Nous avons accueilli pour son s\u00e9minaire professionnel annuel, un acteur r\u00e9gional incontournable de la qualification, de l\u2019emploi, de l\u2019insertion ...\" \/>\n<meta name=\"robots\" content=\"index, follow, max-snippet:-1, max-image-preview:large, max-video-preview:-1\" \/>\n<link rel=\"canonical\" href=\"https:\/\/villa-mathis.com\/de\/19-12-2013-seminaire-professionnel\/\" \/>\n<meta property=\"og:locale\" content=\"de_DE\" \/>\n<meta property=\"og:type\" content=\"article\" \/>\n<meta property=\"og:title\" content=\"S\u00e9minaire professionnel\" \/>\n<meta property=\"og:description\" content=\"Nous avons accueilli pour son s\u00e9minaire professionnel annuel, un acteur r\u00e9gional incontournable de la qualification, de l\u2019emploi, de l\u2019insertion ...\" \/>\n<meta property=\"og:url\" content=\"https:\/\/villa-mathis.com\/de\/19-12-2013-seminaire-professionnel\/\" \/>\n<meta property=\"og:site_name\" content=\"La Villa Mathis\" \/>\n<meta property=\"article:publisher\" content=\"https:\/\/www.facebook.com\/VillaMathis\" \/>\n<meta property=\"article:published_time\" content=\"2014-01-09T08:11:58+00:00\" \/>\n<meta property=\"og:image\" content=\"https:\/\/villa-mathis.com\/wp-content\/uploads\/2014\/01\/Geocaching-200x150.jpg\" \/>\n<meta name=\"author\" content=\"Pascal\" \/>\n<meta name=\"twitter:card\" content=\"summary_large_image\" \/>\n<meta name=\"twitter:creator\" content=\"@mathisvilla\" \/>\n<meta name=\"twitter:site\" content=\"@mathisvilla\" \/>\n<meta name=\"twitter:label1\" content=\"Verfasst von\" \/>\n\t<meta name=\"twitter:data1\" content=\"Pascal\" \/>\n\t<meta name=\"twitter:label2\" content=\"Gesch\u00e4tzte Lesezeit\" \/>\n\t<meta name=\"twitter:data2\" content=\"1\u00a0Minute\" \/>\n<script type=\"application\/ld+json\" class=\"yoast-schema-graph\">{\"@context\":\"https:\/\/schema.org\",\"@graph\":[{\"@type\":\"WebPage\",\"@id\":\"https:\/\/villa-mathis.com\/de\/19-12-2013-seminaire-professionnel\/\",\"url\":\"https:\/\/villa-mathis.com\/de\/19-12-2013-seminaire-professionnel\/\",\"name\":\"S\u00e9minaire professionnel\",\"isPartOf\":{\"@id\":\"https:\/\/villa-mathis.com\/#website\"},\"primaryImageOfPage\":{\"@id\":\"https:\/\/villa-mathis.com\/de\/19-12-2013-seminaire-professionnel\/#primaryimage\"},\"image\":{\"@id\":\"https:\/\/villa-mathis.com\/de\/19-12-2013-seminaire-professionnel\/#primaryimage\"},\"thumbnailUrl\":\"https:\/\/villa-mathis.com\/wp-content\/uploads\/2014\/01\/Geocaching-200x150.jpg\",\"datePublished\":\"2014-01-09T08:11:58+00:00\",\"dateModified\":\"2014-01-09T08:11:58+00:00\",\"author\":{\"@id\":\"https:\/\/villa-mathis.com\/#\/schema\/person\/f35d98db17dba267256d6a95cae64224\"},\"description\":\"Nous avons accueilli pour son s\u00e9minaire professionnel annuel, un acteur r\u00e9gional incontournable de la qualification, de l\u2019emploi, de l\u2019insertion ...\",\"breadcrumb\":{\"@id\":\"https:\/\/villa-mathis.com\/de\/19-12-2013-seminaire-professionnel\/#breadcrumb\"},\"inLanguage\":\"de\",\"potentialAction\":[{\"@type\":\"ReadAction\",\"target\":[\"https:\/\/villa-mathis.com\/de\/19-12-2013-seminaire-professionnel\/\"]}]},{\"@type\":\"ImageObject\",\"inLanguage\":\"de\",\"@id\":\"https:\/\/villa-mathis.com\/de\/19-12-2013-seminaire-professionnel\/#primaryimage\",\"url\":\"https:\/\/villa-mathis.com\/wp-content\/uploads\/2014\/01\/Geocaching-200x150.jpg\",\"contentUrl\":\"https:\/\/villa-mathis.com\/wp-content\/uploads\/2014\/01\/Geocaching-200x150.jpg\"},{\"@type\":\"BreadcrumbList\",\"@id\":\"https:\/\/villa-mathis.com\/de\/19-12-2013-seminaire-professionnel\/#breadcrumb\",\"itemListElement\":[{\"@type\":\"ListItem\",\"position\":1,\"name\":\"Accueil\",\"item\":\"https:\/\/villa-mathis.com\/de\/\"},{\"@type\":\"ListItem\",\"position\":2,\"name\":\"19.12.2013 &#8211; S\u00e9minaire professionnel &#8211; 20 personnes\"}]},{\"@type\":\"WebSite\",\"@id\":\"https:\/\/villa-mathis.com\/#website\",\"url\":\"https:\/\/villa-mathis.com\/\",\"name\":\"La Villa Mathis\",\"description\":\"Sp\u00e9cialiste du S\u00e9minaire et du Mariage (Alsace et Vosges)\",\"potentialAction\":[{\"@type\":\"SearchAction\",\"target\":{\"@type\":\"EntryPoint\",\"urlTemplate\":\"https:\/\/villa-mathis.com\/?s={search_term_string}\"},\"query-input\":\"required name=search_term_string\"}],\"inLanguage\":\"de\"},{\"@type\":\"Person\",\"@id\":\"https:\/\/villa-mathis.com\/#\/schema\/person\/f35d98db17dba267256d6a95cae64224\",\"name\":\"Pascal\",\"image\":{\"@type\":\"ImageObject\",\"inLanguage\":\"de\",\"@id\":\"https:\/\/villa-mathis.com\/#\/schema\/person\/image\/\",\"url\":\"https:\/\/secure.gravatar.com\/avatar\/f8419dc302be4c8efc9ff10543f2eb2c?s=96&d=mm&r=g\",\"contentUrl\":\"https:\/\/secure.gravatar.com\/avatar\/f8419dc302be4c8efc9ff10543f2eb2c?s=96&d=mm&r=g\",\"caption\":\"Pascal\"}}]}<\/script>\n<!-- \/ Yoast SEO plugin. -->","yoast_head_json":{"title":"S\u00e9minaire professionnel","description":"Nous avons accueilli pour son s\u00e9minaire professionnel annuel, un acteur r\u00e9gional incontournable de la qualification, de l\u2019emploi, de l\u2019insertion ...","robots":{"index":"index","follow":"follow","max-snippet":"max-snippet:-1","max-image-preview":"max-image-preview:large","max-video-preview":"max-video-preview:-1"},"canonical":"https:\/\/villa-mathis.com\/de\/19-12-2013-seminaire-professionnel\/","og_locale":"de_DE","og_type":"article","og_title":"S\u00e9minaire professionnel","og_description":"Nous avons accueilli pour son s\u00e9minaire professionnel annuel, un acteur r\u00e9gional incontournable de la qualification, de l\u2019emploi, de l\u2019insertion ...","og_url":"https:\/\/villa-mathis.com\/de\/19-12-2013-seminaire-professionnel\/","og_site_name":"La Villa Mathis","article_publisher":"https:\/\/www.facebook.com\/VillaMathis","article_published_time":"2014-01-09T08:11:58+00:00","og_image":[{"url":"https:\/\/villa-mathis.com\/wp-content\/uploads\/2014\/01\/Geocaching-200x150.jpg"}],"author":"Pascal","twitter_card":"summary_large_image","twitter_creator":"@mathisvilla","twitter_site":"@mathisvilla","twitter_misc":{"Verfasst von":"Pascal","Gesch\u00e4tzte Lesezeit":"1\u00a0Minute"},"schema":{"@context":"https:\/\/schema.org","@graph":[{"@type":"WebPage","@id":"https:\/\/villa-mathis.com\/de\/19-12-2013-seminaire-professionnel\/","url":"https:\/\/villa-mathis.com\/de\/19-12-2013-seminaire-professionnel\/","name":"S\u00e9minaire professionnel","isPartOf":{"@id":"https:\/\/villa-mathis.com\/#website"},"primaryImageOfPage":{"@id":"https:\/\/villa-mathis.com\/de\/19-12-2013-seminaire-professionnel\/#primaryimage"},"image":{"@id":"https:\/\/villa-mathis.com\/de\/19-12-2013-seminaire-professionnel\/#primaryimage"},"thumbnailUrl":"https:\/\/villa-mathis.com\/wp-content\/uploads\/2014\/01\/Geocaching-200x150.jpg","datePublished":"2014-01-09T08:11:58+00:00","dateModified":"2014-01-09T08:11:58+00:00","author":{"@id":"https:\/\/villa-mathis.com\/#\/schema\/person\/f35d98db17dba267256d6a95cae64224"},"description":"Nous avons accueilli pour son s\u00e9minaire professionnel annuel, un acteur r\u00e9gional incontournable de la qualification, de l\u2019emploi, de l\u2019insertion ...","breadcrumb":{"@id":"https:\/\/villa-mathis.com\/de\/19-12-2013-seminaire-professionnel\/#breadcrumb"},"inLanguage":"de","potentialAction":[{"@type":"ReadAction","target":["https:\/\/villa-mathis.com\/de\/19-12-2013-seminaire-professionnel\/"]}]},{"@type":"ImageObject","inLanguage":"de","@id":"https:\/\/villa-mathis.com\/de\/19-12-2013-seminaire-professionnel\/#primaryimage","url":"https:\/\/villa-mathis.com\/wp-content\/uploads\/2014\/01\/Geocaching-200x150.jpg","contentUrl":"https:\/\/villa-mathis.com\/wp-content\/uploads\/2014\/01\/Geocaching-200x150.jpg"},{"@type":"BreadcrumbList","@id":"https:\/\/villa-mathis.com\/de\/19-12-2013-seminaire-professionnel\/#breadcrumb","itemListElement":[{"@type":"ListItem","position":1,"name":"Accueil","item":"https:\/\/villa-mathis.com\/de\/"},{"@type":"ListItem","position":2,"name":"19.12.2013 &#8211; S\u00e9minaire professionnel &#8211; 20 personnes"}]},{"@type":"WebSite","@id":"https:\/\/villa-mathis.com\/#website","url":"https:\/\/villa-mathis.com\/","name":"La Villa Mathis","description":"Sp\u00e9cialiste du S\u00e9minaire et du Mariage (Alsace et Vosges)","potentialAction":[{"@type":"SearchAction","target":{"@type":"EntryPoint","urlTemplate":"https:\/\/villa-mathis.com\/?s={search_term_string}"},"query-input":"required name=search_term_string"}],"inLanguage":"de"},{"@type":"Person","@id":"https:\/\/villa-mathis.com\/#\/schema\/person\/f35d98db17dba267256d6a95cae64224","name":"Pascal","image":{"@type":"ImageObject","inLanguage":"de","@id":"https:\/\/villa-mathis.com\/#\/schema\/person\/image\/","url":"https:\/\/secure.gravatar.com\/avatar\/f8419dc302be4c8efc9ff10543f2eb2c?s=96&d=mm&r=g","contentUrl":"https:\/\/secure.gravatar.com\/avatar\/f8419dc302be4c8efc9ff10543f2eb2c?s=96&d=mm&r=g","caption":"Pascal"}}]}},"_links":{"self":[{"href":"https:\/\/villa-mathis.com\/de\/wp-json\/wp\/v2\/posts\/924"}],"collection":[{"href":"https:\/\/villa-mathis.com\/de\/wp-json\/wp\/v2\/posts"}],"about":[{"href":"https:\/\/villa-mathis.com\/de\/wp-json\/wp\/v2\/types\/post"}],"author":[{"embeddable":true,"href":"https:\/\/villa-mathis.com\/de\/wp-json\/wp\/v2\/users\/4"}],"replies":[{"embeddable":true,"href":"https:\/\/villa-mathis.com\/de\/wp-json\/wp\/v2\/comments?post=924"}],"version-history":[{"count":0,"href":"https:\/\/villa-mathis.com\/de\/wp-json\/wp\/v2\/posts\/924\/revisions"}],"wp:attachment":[{"href":"https:\/\/villa-mathis.com\/de\/wp-json\/wp\/v2\/media?parent=924"}],"wp:term":[{"taxonomy":"category","embeddable":true,"href":"https:\/\/villa-mathis.com\/de\/wp-json\/wp\/v2\/categories?post=924"},{"taxonomy":"post_tag","embeddable":true,"href":"https:\/\/villa-mathis.com\/de\/wp-json\/wp\/v2\/tags?post=924"}],"curies":[{"name":"wp","href":"https:\/\/api.w.org\/{rel}","templated":true}]}}