{"id":920,"date":"2014-01-09T09:06:20","date_gmt":"2014-01-09T08:06:20","guid":{"rendered":"http:\/\/villa-mathis.com\/?p=920"},"modified":"2014-01-09T09:06:20","modified_gmt":"2014-01-09T08:06:20","slug":"17-12-2013-seminaire-dentreprise-et-bilan-annuel-33-personnes","status":"publish","type":"post","link":"https:\/\/villa-mathis.com\/de\/17-12-2013-seminaire-dentreprise-et-bilan-annuel-33-personnes\/","title":{"rendered":"17.12.2013 &#8211; s\u00e9minaire de fin d\u2019ann\u00e9e et bilan annuel &#8211; 33 personnes"},"content":{"rendered":"<p>Une grande entreprise de la r\u00e9gion a organis\u00e9 son s\u00e9minaire de fin d\u2019ann\u00e9e pour 33 personnes \u00e0 la Villa avec une activit\u00e9 ateliers \u00ab\u00a0team building\u00a0\u00bb et une soir\u00e9e gastronomique avec notre stagiaire\/faux serveur Jean-Georges qui fait d\u00e9cid\u00e9ment tr\u00e8s fort\u00a0!<br \/>\nPour plus de confort apr\u00e8s la soir\u00e9e ils ont choisi de privatiser la maison avec nos 27 chambres.<\/p>\n<p>&nbsp;<\/p>\n<p><img loading=\"lazy\" decoding=\"async\" class=\"aligncenter wp-image-1606\" src=\"https:\/\/villa-mathis.com\/wp-content\/uploads\/2014\/01\/arrivee-au-nord-neige-200x133.jpg\" alt=\"S\u00e9minaire de fin d'ann\u00e9e\" width=\"350\" height=\"233\" \/><\/p>\n<p>Pour un s\u00e9minaire de fin d&#8217;ann\u00e9e, une r\u00e9union d\u2019entreprise, des journ\u00e9es de travail ou des actions de team building, \u00e0 la Villa Mathis, nous cr\u00e9ons du <strong>sur-mesure<\/strong> selon le cadre d\u00e9fini par nos clients.<\/p>\n<p>Nos plus grandes forces : \u00catre \u00e0 votre <strong>\u00e9coute<\/strong>, s\u2019adapter au <strong>sens<\/strong> que vous souhaitez donner \u00e0 vos convives, Faire des <strong>promesses<\/strong> et les <strong>respecter<\/strong>. C\u2019est en apprenant \u00e0 conna\u00eetre nos clients et en <strong>s\u2019engageant \u00e0 vos c\u00f4t\u00e9s<\/strong> que nous r\u00e9ussissons vos \u00e9v\u00e9nements.<br \/>\nEn fonction de l\u2019ambiance souhait\u00e9e pour vos d\u00eeners, nous vous proposons un large choix de repas unique : <strong>raclette<\/strong>, fondue, barbecue, sanglier, tartes flamb\u00e9es, ou des formules de buffets, cocktails, d\u00eeners en Ferme Auberge ou <strong>Yourte<\/strong> Mongole.<\/p>\n<p>Au del\u00e0 du s\u00e9minaire de fin d&#8217;ann\u00e9e, venez profiter de la nature et du grand air, en Alsace, \u00e0 l\u2019or\u00e9e du massif des Vosges !<\/p>\n<p>Id\u00e9alement situ\u00e9e en Alsace (bas-rhin \/ 67), \u00e0 deux pas de S\u00e9lestat (entre Colmar et Strasbourg) dans le massif des Vosges \u00e0 768m d\u2019altitude, lors de vos s\u00e9minaires d\u2019entreprise, vous pourrez profiter de la nature environnante ainsi que des nombreuses activit\u00e9s et animations que nous pouvons vous proposer.<\/p>\n","protected":false},"excerpt":{"rendered":"<p>Une grande entreprise de la r\u00e9gion a organis\u00e9 son s\u00e9minaire de fin d\u2019ann\u00e9e pour 33 personnes \u00e0 la Villa avec une activit\u00e9 ateliers \u00ab\u00a0team building\u00a0\u00bb et une soir\u00e9e gastronomique avec notre stagiaire\/faux serveur Jean-Georges qui fait d\u00e9cid\u00e9ment tr\u00e8s fort\u00a0! Pour plus de confort apr\u00e8s la soir\u00e9e ils ont choisi de privatiser la maison avec nos [&hellip;]<\/p>\n","protected":false},"author":4,"featured_media":0,"comment_status":"open","ping_status":"open","sticky":false,"template":"","format":"standard","meta":{"ngg_post_thumbnail":0,"footnotes":""},"categories":[1],"tags":[],"yoast_head":"<!-- This site is optimized with the Yoast SEO plugin v22.4 - https:\/\/yoast.com\/wordpress\/plugins\/seo\/ -->\n<title>s\u00e9minaire de fin d\u2019ann\u00e9e<\/title>\n<meta name=\"description\" content=\"Une grande entreprise de la r\u00e9gion a organis\u00e9 son s\u00e9minaire de fin d\u2019ann\u00e9e pour 33 personnes \u00e0 la Villa avec une activit\u00e9 ateliers \u00ab team building \u00bb\" \/>\n<meta name=\"robots\" content=\"index, follow, max-snippet:-1, max-image-preview:large, max-video-preview:-1\" \/>\n<link rel=\"canonical\" href=\"https:\/\/villa-mathis.com\/de\/17-12-2013-seminaire-dentreprise-et-bilan-annuel-33-personnes\/\" \/>\n<meta property=\"og:locale\" content=\"de_DE\" \/>\n<meta property=\"og:type\" content=\"article\" \/>\n<meta property=\"og:title\" content=\"s\u00e9minaire de fin d\u2019ann\u00e9e\" \/>\n<meta property=\"og:description\" content=\"Une grande entreprise de la r\u00e9gion a organis\u00e9 son s\u00e9minaire de fin d\u2019ann\u00e9e pour 33 personnes \u00e0 la Villa avec une activit\u00e9 ateliers \u00ab team building \u00bb\" \/>\n<meta property=\"og:url\" content=\"https:\/\/villa-mathis.com\/de\/17-12-2013-seminaire-dentreprise-et-bilan-annuel-33-personnes\/\" \/>\n<meta property=\"og:site_name\" content=\"La Villa Mathis\" \/>\n<meta property=\"article:publisher\" content=\"https:\/\/www.facebook.com\/VillaMathis\" \/>\n<meta property=\"article:published_time\" content=\"2014-01-09T08:06:20+00:00\" \/>\n<meta property=\"og:image\" content=\"https:\/\/villa-mathis.com\/wp-content\/uploads\/2014\/01\/arrivee-au-nord-neige-200x133.jpg\" \/>\n<meta name=\"author\" content=\"Pascal\" \/>\n<meta name=\"twitter:card\" content=\"summary_large_image\" \/>\n<meta name=\"twitter:creator\" content=\"@mathisvilla\" \/>\n<meta name=\"twitter:site\" content=\"@mathisvilla\" \/>\n<meta name=\"twitter:label1\" content=\"Verfasst von\" \/>\n\t<meta name=\"twitter:data1\" content=\"Pascal\" \/>\n\t<meta name=\"twitter:label2\" content=\"Gesch\u00e4tzte Lesezeit\" \/>\n\t<meta name=\"twitter:data2\" content=\"1\u00a0Minute\" \/>\n<script type=\"application\/ld+json\" class=\"yoast-schema-graph\">{\"@context\":\"https:\/\/schema.org\",\"@graph\":[{\"@type\":\"WebPage\",\"@id\":\"https:\/\/villa-mathis.com\/de\/17-12-2013-seminaire-dentreprise-et-bilan-annuel-33-personnes\/\",\"url\":\"https:\/\/villa-mathis.com\/de\/17-12-2013-seminaire-dentreprise-et-bilan-annuel-33-personnes\/\",\"name\":\"s\u00e9minaire de fin d\u2019ann\u00e9e\",\"isPartOf\":{\"@id\":\"https:\/\/villa-mathis.com\/#website\"},\"primaryImageOfPage\":{\"@id\":\"https:\/\/villa-mathis.com\/de\/17-12-2013-seminaire-dentreprise-et-bilan-annuel-33-personnes\/#primaryimage\"},\"image\":{\"@id\":\"https:\/\/villa-mathis.com\/de\/17-12-2013-seminaire-dentreprise-et-bilan-annuel-33-personnes\/#primaryimage\"},\"thumbnailUrl\":\"https:\/\/villa-mathis.com\/wp-content\/uploads\/2014\/01\/arrivee-au-nord-neige-200x133.jpg\",\"datePublished\":\"2014-01-09T08:06:20+00:00\",\"dateModified\":\"2014-01-09T08:06:20+00:00\",\"author\":{\"@id\":\"https:\/\/villa-mathis.com\/#\/schema\/person\/f35d98db17dba267256d6a95cae64224\"},\"description\":\"Une grande entreprise de la r\u00e9gion a organis\u00e9 son s\u00e9minaire de fin d\u2019ann\u00e9e pour 33 personnes \u00e0 la Villa avec une activit\u00e9 ateliers \u00ab team building \u00bb\",\"breadcrumb\":{\"@id\":\"https:\/\/villa-mathis.com\/de\/17-12-2013-seminaire-dentreprise-et-bilan-annuel-33-personnes\/#breadcrumb\"},\"inLanguage\":\"de\",\"potentialAction\":[{\"@type\":\"ReadAction\",\"target\":[\"https:\/\/villa-mathis.com\/de\/17-12-2013-seminaire-dentreprise-et-bilan-annuel-33-personnes\/\"]}]},{\"@type\":\"ImageObject\",\"inLanguage\":\"de\",\"@id\":\"https:\/\/villa-mathis.com\/de\/17-12-2013-seminaire-dentreprise-et-bilan-annuel-33-personnes\/#primaryimage\",\"url\":\"https:\/\/villa-mathis.com\/wp-content\/uploads\/2014\/01\/arrivee-au-nord-neige-200x133.jpg\",\"contentUrl\":\"https:\/\/villa-mathis.com\/wp-content\/uploads\/2014\/01\/arrivee-au-nord-neige-200x133.jpg\"},{\"@type\":\"BreadcrumbList\",\"@id\":\"https:\/\/villa-mathis.com\/de\/17-12-2013-seminaire-dentreprise-et-bilan-annuel-33-personnes\/#breadcrumb\",\"itemListElement\":[{\"@type\":\"ListItem\",\"position\":1,\"name\":\"Accueil\",\"item\":\"https:\/\/villa-mathis.com\/de\/\"},{\"@type\":\"ListItem\",\"position\":2,\"name\":\"17.12.2013 &#8211; s\u00e9minaire de fin d\u2019ann\u00e9e et bilan annuel &#8211; 33 personnes\"}]},{\"@type\":\"WebSite\",\"@id\":\"https:\/\/villa-mathis.com\/#website\",\"url\":\"https:\/\/villa-mathis.com\/\",\"name\":\"La Villa Mathis\",\"description\":\"Sp\u00e9cialiste du S\u00e9minaire et du Mariage (Alsace et Vosges)\",\"potentialAction\":[{\"@type\":\"SearchAction\",\"target\":{\"@type\":\"EntryPoint\",\"urlTemplate\":\"https:\/\/villa-mathis.com\/?s={search_term_string}\"},\"query-input\":\"required name=search_term_string\"}],\"inLanguage\":\"de\"},{\"@type\":\"Person\",\"@id\":\"https:\/\/villa-mathis.com\/#\/schema\/person\/f35d98db17dba267256d6a95cae64224\",\"name\":\"Pascal\",\"image\":{\"@type\":\"ImageObject\",\"inLanguage\":\"de\",\"@id\":\"https:\/\/villa-mathis.com\/#\/schema\/person\/image\/\",\"url\":\"https:\/\/secure.gravatar.com\/avatar\/f8419dc302be4c8efc9ff10543f2eb2c?s=96&d=mm&r=g\",\"contentUrl\":\"https:\/\/secure.gravatar.com\/avatar\/f8419dc302be4c8efc9ff10543f2eb2c?s=96&d=mm&r=g\",\"caption\":\"Pascal\"}}]}<\/script>\n<!-- \/ Yoast SEO plugin. -->","yoast_head_json":{"title":"s\u00e9minaire de fin d\u2019ann\u00e9e","description":"Une grande entreprise de la r\u00e9gion a organis\u00e9 son s\u00e9minaire de fin d\u2019ann\u00e9e pour 33 personnes \u00e0 la Villa avec une activit\u00e9 ateliers \u00ab team building \u00bb","robots":{"index":"index","follow":"follow","max-snippet":"max-snippet:-1","max-image-preview":"max-image-preview:large","max-video-preview":"max-video-preview:-1"},"canonical":"https:\/\/villa-mathis.com\/de\/17-12-2013-seminaire-dentreprise-et-bilan-annuel-33-personnes\/","og_locale":"de_DE","og_type":"article","og_title":"s\u00e9minaire de fin d\u2019ann\u00e9e","og_description":"Une grande entreprise de la r\u00e9gion a organis\u00e9 son s\u00e9minaire de fin d\u2019ann\u00e9e pour 33 personnes \u00e0 la Villa avec une activit\u00e9 ateliers \u00ab team building \u00bb","og_url":"https:\/\/villa-mathis.com\/de\/17-12-2013-seminaire-dentreprise-et-bilan-annuel-33-personnes\/","og_site_name":"La Villa Mathis","article_publisher":"https:\/\/www.facebook.com\/VillaMathis","article_published_time":"2014-01-09T08:06:20+00:00","og_image":[{"url":"https:\/\/villa-mathis.com\/wp-content\/uploads\/2014\/01\/arrivee-au-nord-neige-200x133.jpg"}],"author":"Pascal","twitter_card":"summary_large_image","twitter_creator":"@mathisvilla","twitter_site":"@mathisvilla","twitter_misc":{"Verfasst von":"Pascal","Gesch\u00e4tzte Lesezeit":"1\u00a0Minute"},"schema":{"@context":"https:\/\/schema.org","@graph":[{"@type":"WebPage","@id":"https:\/\/villa-mathis.com\/de\/17-12-2013-seminaire-dentreprise-et-bilan-annuel-33-personnes\/","url":"https:\/\/villa-mathis.com\/de\/17-12-2013-seminaire-dentreprise-et-bilan-annuel-33-personnes\/","name":"s\u00e9minaire de fin d\u2019ann\u00e9e","isPartOf":{"@id":"https:\/\/villa-mathis.com\/#website"},"primaryImageOfPage":{"@id":"https:\/\/villa-mathis.com\/de\/17-12-2013-seminaire-dentreprise-et-bilan-annuel-33-personnes\/#primaryimage"},"image":{"@id":"https:\/\/villa-mathis.com\/de\/17-12-2013-seminaire-dentreprise-et-bilan-annuel-33-personnes\/#primaryimage"},"thumbnailUrl":"https:\/\/villa-mathis.com\/wp-content\/uploads\/2014\/01\/arrivee-au-nord-neige-200x133.jpg","datePublished":"2014-01-09T08:06:20+00:00","dateModified":"2014-01-09T08:06:20+00:00","author":{"@id":"https:\/\/villa-mathis.com\/#\/schema\/person\/f35d98db17dba267256d6a95cae64224"},"description":"Une grande entreprise de la r\u00e9gion a organis\u00e9 son s\u00e9minaire de fin d\u2019ann\u00e9e pour 33 personnes \u00e0 la Villa avec une activit\u00e9 ateliers \u00ab team building \u00bb","breadcrumb":{"@id":"https:\/\/villa-mathis.com\/de\/17-12-2013-seminaire-dentreprise-et-bilan-annuel-33-personnes\/#breadcrumb"},"inLanguage":"de","potentialAction":[{"@type":"ReadAction","target":["https:\/\/villa-mathis.com\/de\/17-12-2013-seminaire-dentreprise-et-bilan-annuel-33-personnes\/"]}]},{"@type":"ImageObject","inLanguage":"de","@id":"https:\/\/villa-mathis.com\/de\/17-12-2013-seminaire-dentreprise-et-bilan-annuel-33-personnes\/#primaryimage","url":"https:\/\/villa-mathis.com\/wp-content\/uploads\/2014\/01\/arrivee-au-nord-neige-200x133.jpg","contentUrl":"https:\/\/villa-mathis.com\/wp-content\/uploads\/2014\/01\/arrivee-au-nord-neige-200x133.jpg"},{"@type":"BreadcrumbList","@id":"https:\/\/villa-mathis.com\/de\/17-12-2013-seminaire-dentreprise-et-bilan-annuel-33-personnes\/#breadcrumb","itemListElement":[{"@type":"ListItem","position":1,"name":"Accueil","item":"https:\/\/villa-mathis.com\/de\/"},{"@type":"ListItem","position":2,"name":"17.12.2013 &#8211; s\u00e9minaire de fin d\u2019ann\u00e9e et bilan annuel &#8211; 33 personnes"}]},{"@type":"WebSite","@id":"https:\/\/villa-mathis.com\/#website","url":"https:\/\/villa-mathis.com\/","name":"La Villa Mathis","description":"Sp\u00e9cialiste du S\u00e9minaire et du Mariage (Alsace et Vosges)","potentialAction":[{"@type":"SearchAction","target":{"@type":"EntryPoint","urlTemplate":"https:\/\/villa-mathis.com\/?s={search_term_string}"},"query-input":"required name=search_term_string"}],"inLanguage":"de"},{"@type":"Person","@id":"https:\/\/villa-mathis.com\/#\/schema\/person\/f35d98db17dba267256d6a95cae64224","name":"Pascal","image":{"@type":"ImageObject","inLanguage":"de","@id":"https:\/\/villa-mathis.com\/#\/schema\/person\/image\/","url":"https:\/\/secure.gravatar.com\/avatar\/f8419dc302be4c8efc9ff10543f2eb2c?s=96&d=mm&r=g","contentUrl":"https:\/\/secure.gravatar.com\/avatar\/f8419dc302be4c8efc9ff10543f2eb2c?s=96&d=mm&r=g","caption":"Pascal"}}]}},"_links":{"self":[{"href":"https:\/\/villa-mathis.com\/de\/wp-json\/wp\/v2\/posts\/920"}],"collection":[{"href":"https:\/\/villa-mathis.com\/de\/wp-json\/wp\/v2\/posts"}],"about":[{"href":"https:\/\/villa-mathis.com\/de\/wp-json\/wp\/v2\/types\/post"}],"author":[{"embeddable":true,"href":"https:\/\/villa-mathis.com\/de\/wp-json\/wp\/v2\/users\/4"}],"replies":[{"embeddable":true,"href":"https:\/\/villa-mathis.com\/de\/wp-json\/wp\/v2\/comments?post=920"}],"version-history":[{"count":0,"href":"https:\/\/villa-mathis.com\/de\/wp-json\/wp\/v2\/posts\/920\/revisions"}],"wp:attachment":[{"href":"https:\/\/villa-mathis.com\/de\/wp-json\/wp\/v2\/media?parent=920"}],"wp:term":[{"taxonomy":"category","embeddable":true,"href":"https:\/\/villa-mathis.com\/de\/wp-json\/wp\/v2\/categories?post=920"},{"taxonomy":"post_tag","embeddable":true,"href":"https:\/\/villa-mathis.com\/de\/wp-json\/wp\/v2\/tags?post=920"}],"curies":[{"name":"wp","href":"https:\/\/api.w.org\/{rel}","templated":true}]}}