{"id":918,"date":"2014-01-09T09:04:36","date_gmt":"2014-01-09T08:04:36","guid":{"rendered":"http:\/\/villa-mathis.com\/?p=918"},"modified":"2014-01-09T09:04:36","modified_gmt":"2014-01-09T08:04:36","slug":"15-12-2013-fete-des-personnes-agees-de-breitenbach-80-personnes","status":"publish","type":"post","link":"https:\/\/villa-mathis.com\/de\/15-12-2013-fete-des-personnes-agees-de-breitenbach-80-personnes\/","title":{"rendered":"15.12.2013 &#8211; F\u00eate des personnes \u00e2g\u00e9es de Breitenbach &#8211; 80 personnes"},"content":{"rendered":"<p>Toutes les personnes au-del\u00e0 de 70 ans et le conseil municipal de Breitenbach se sont donn\u00e9 rdv \u00e0 La Villa pour leur f\u00eate de No\u00ebl.<\/p>\n<p>Bilan de l\u2019ann\u00e9e, toutes les actions men\u00e9es sur la commune, la nouvelle UTN autoris\u00e9e, le trail Cr\u00eates et C\u00eemes et pleins d\u2019autres \u00e9v\u00e8nements qui font de Breitenbach une commune dynamique dont la Villa Mathis est fi\u00e8re d\u2019appartenir. Merci beaucoup Jean-Pierre.<\/p>\n","protected":false},"excerpt":{"rendered":"<p>Toutes les personnes au-del\u00e0 de 70 ans et le conseil municipal de Breitenbach se sont donn\u00e9 rdv \u00e0 La Villa pour leur f\u00eate de No\u00ebl. Bilan de l\u2019ann\u00e9e, toutes les actions men\u00e9es sur la commune, la nouvelle UTN autoris\u00e9e, le trail Cr\u00eates et C\u00eemes et pleins d\u2019autres \u00e9v\u00e8nements qui font de Breitenbach une commune dynamique [&hellip;]<\/p>\n","protected":false},"author":4,"featured_media":0,"comment_status":"open","ping_status":"open","sticky":false,"template":"","format":"standard","meta":{"ngg_post_thumbnail":0,"footnotes":""},"categories":[1],"tags":[],"yoast_head":"<!-- This site is optimized with the Yoast SEO plugin v22.4 - https:\/\/yoast.com\/wordpress\/plugins\/seo\/ -->\n<title>15.12.2013 - F\u00eate des personnes \u00e2g\u00e9es de Breitenbach - 80 personnes - La Villa Mathis<\/title>\n<meta name=\"description\" content=\"Toutes les personnes au-del\u00e0 de 70 ans et le conseil municipal de Breitenbach se sont donn\u00e9 rdv \u00e0 La Villa pour leur f\u00eate de No\u00ebl. Bilan de l\u2019ann\u00e9e, toutes les actions men\u00e9es sur la commune, la nouvelle UTN autoris\u00e9e, le trail Cr\u00eates et C\u00eemes et pleins d\u2019autres \u00e9v\u00e8nements qui font de Breitenbach une commune dynamique dont la Villa Mathis est fi\u00e8re d\u2019appartenir. Merci beaucoup Jean-Pierre.\" \/>\n<meta name=\"robots\" content=\"index, follow, max-snippet:-1, max-image-preview:large, max-video-preview:-1\" \/>\n<link rel=\"canonical\" href=\"https:\/\/villa-mathis.com\/en\/15-12-2013-fete-des-personnes-agees-de-breitenbach-80-personnes\/\" \/>\n<meta property=\"og:locale\" content=\"de_DE\" \/>\n<meta property=\"og:type\" content=\"article\" \/>\n<meta property=\"og:title\" content=\"15.12.2013 - F\u00eate des personnes \u00e2g\u00e9es de Breitenbach - 80 personnes - La Villa Mathis\" \/>\n<meta property=\"og:description\" content=\"Toutes les personnes au-del\u00e0 de 70 ans et le conseil municipal de Breitenbach se sont donn\u00e9 rdv \u00e0 La Villa pour leur f\u00eate de No\u00ebl. Bilan de l\u2019ann\u00e9e, toutes les actions men\u00e9es sur la commune, la nouvelle UTN autoris\u00e9e, le trail Cr\u00eates et C\u00eemes et pleins d\u2019autres \u00e9v\u00e8nements qui font de Breitenbach une commune dynamique dont la Villa Mathis est fi\u00e8re d\u2019appartenir. Merci beaucoup Jean-Pierre.\" \/>\n<meta property=\"og:url\" content=\"https:\/\/villa-mathis.com\/en\/15-12-2013-fete-des-personnes-agees-de-breitenbach-80-personnes\/\" \/>\n<meta property=\"og:site_name\" content=\"La Villa Mathis\" \/>\n<meta property=\"article:publisher\" content=\"https:\/\/www.facebook.com\/VillaMathis\" \/>\n<meta property=\"article:published_time\" content=\"2014-01-09T08:04:36+00:00\" \/>\n<meta name=\"author\" content=\"Pascal\" \/>\n<meta name=\"twitter:card\" content=\"summary_large_image\" \/>\n<meta name=\"twitter:creator\" content=\"@mathisvilla\" \/>\n<meta name=\"twitter:site\" content=\"@mathisvilla\" \/>\n<meta name=\"twitter:label1\" content=\"Verfasst von\" \/>\n\t<meta name=\"twitter:data1\" content=\"Pascal\" \/>\n<script type=\"application\/ld+json\" class=\"yoast-schema-graph\">{\"@context\":\"https:\/\/schema.org\",\"@graph\":[{\"@type\":\"WebPage\",\"@id\":\"https:\/\/villa-mathis.com\/en\/15-12-2013-fete-des-personnes-agees-de-breitenbach-80-personnes\/\",\"url\":\"https:\/\/villa-mathis.com\/en\/15-12-2013-fete-des-personnes-agees-de-breitenbach-80-personnes\/\",\"name\":\"15.12.2013 - F\u00eate des personnes \u00e2g\u00e9es de Breitenbach - 80 personnes - La Villa Mathis\",\"isPartOf\":{\"@id\":\"https:\/\/villa-mathis.com\/#website\"},\"datePublished\":\"2014-01-09T08:04:36+00:00\",\"dateModified\":\"2014-01-09T08:04:36+00:00\",\"author\":{\"@id\":\"https:\/\/villa-mathis.com\/#\/schema\/person\/f35d98db17dba267256d6a95cae64224\"},\"description\":\"Toutes les personnes au-del\u00e0 de 70 ans et le conseil municipal de Breitenbach se sont donn\u00e9 rdv \u00e0 La Villa pour leur f\u00eate de No\u00ebl. Bilan de l\u2019ann\u00e9e, toutes les actions men\u00e9es sur la commune, la nouvelle UTN autoris\u00e9e, le trail Cr\u00eates et C\u00eemes et pleins d\u2019autres \u00e9v\u00e8nements qui font de Breitenbach une commune dynamique dont la Villa Mathis est fi\u00e8re d\u2019appartenir. Merci beaucoup Jean-Pierre.\",\"breadcrumb\":{\"@id\":\"https:\/\/villa-mathis.com\/en\/15-12-2013-fete-des-personnes-agees-de-breitenbach-80-personnes\/#breadcrumb\"},\"inLanguage\":\"de\",\"potentialAction\":[{\"@type\":\"ReadAction\",\"target\":[\"https:\/\/villa-mathis.com\/en\/15-12-2013-fete-des-personnes-agees-de-breitenbach-80-personnes\/\"]}]},{\"@type\":\"BreadcrumbList\",\"@id\":\"https:\/\/villa-mathis.com\/en\/15-12-2013-fete-des-personnes-agees-de-breitenbach-80-personnes\/#breadcrumb\",\"itemListElement\":[{\"@type\":\"ListItem\",\"position\":1,\"name\":\"Accueil\",\"item\":\"https:\/\/villa-mathis.com\/de\/\"},{\"@type\":\"ListItem\",\"position\":2,\"name\":\"15.12.2013 &#8211; F\u00eate des personnes \u00e2g\u00e9es de Breitenbach &#8211; 80 personnes\"}]},{\"@type\":\"WebSite\",\"@id\":\"https:\/\/villa-mathis.com\/#website\",\"url\":\"https:\/\/villa-mathis.com\/\",\"name\":\"La Villa Mathis\",\"description\":\"Sp\u00e9cialiste du S\u00e9minaire et du Mariage (Alsace et Vosges)\",\"potentialAction\":[{\"@type\":\"SearchAction\",\"target\":{\"@type\":\"EntryPoint\",\"urlTemplate\":\"https:\/\/villa-mathis.com\/?s={search_term_string}\"},\"query-input\":\"required name=search_term_string\"}],\"inLanguage\":\"de\"},{\"@type\":\"Person\",\"@id\":\"https:\/\/villa-mathis.com\/#\/schema\/person\/f35d98db17dba267256d6a95cae64224\",\"name\":\"Pascal\",\"image\":{\"@type\":\"ImageObject\",\"inLanguage\":\"de\",\"@id\":\"https:\/\/villa-mathis.com\/#\/schema\/person\/image\/\",\"url\":\"https:\/\/secure.gravatar.com\/avatar\/f8419dc302be4c8efc9ff10543f2eb2c?s=96&d=mm&r=g\",\"contentUrl\":\"https:\/\/secure.gravatar.com\/avatar\/f8419dc302be4c8efc9ff10543f2eb2c?s=96&d=mm&r=g\",\"caption\":\"Pascal\"}}]}<\/script>\n<!-- \/ Yoast SEO plugin. -->","yoast_head_json":{"title":"15.12.2013 - F\u00eate des personnes \u00e2g\u00e9es de Breitenbach - 80 personnes - La Villa Mathis","description":"Toutes les personnes au-del\u00e0 de 70 ans et le conseil municipal de Breitenbach se sont donn\u00e9 rdv \u00e0 La Villa pour leur f\u00eate de No\u00ebl. Bilan de l\u2019ann\u00e9e, toutes les actions men\u00e9es sur la commune, la nouvelle UTN autoris\u00e9e, le trail Cr\u00eates et C\u00eemes et pleins d\u2019autres \u00e9v\u00e8nements qui font de Breitenbach une commune dynamique dont la Villa Mathis est fi\u00e8re d\u2019appartenir. Merci beaucoup Jean-Pierre.","robots":{"index":"index","follow":"follow","max-snippet":"max-snippet:-1","max-image-preview":"max-image-preview:large","max-video-preview":"max-video-preview:-1"},"canonical":"https:\/\/villa-mathis.com\/en\/15-12-2013-fete-des-personnes-agees-de-breitenbach-80-personnes\/","og_locale":"de_DE","og_type":"article","og_title":"15.12.2013 - F\u00eate des personnes \u00e2g\u00e9es de Breitenbach - 80 personnes - La Villa Mathis","og_description":"Toutes les personnes au-del\u00e0 de 70 ans et le conseil municipal de Breitenbach se sont donn\u00e9 rdv \u00e0 La Villa pour leur f\u00eate de No\u00ebl. Bilan de l\u2019ann\u00e9e, toutes les actions men\u00e9es sur la commune, la nouvelle UTN autoris\u00e9e, le trail Cr\u00eates et C\u00eemes et pleins d\u2019autres \u00e9v\u00e8nements qui font de Breitenbach une commune dynamique dont la Villa Mathis est fi\u00e8re d\u2019appartenir. Merci beaucoup Jean-Pierre.","og_url":"https:\/\/villa-mathis.com\/en\/15-12-2013-fete-des-personnes-agees-de-breitenbach-80-personnes\/","og_site_name":"La Villa Mathis","article_publisher":"https:\/\/www.facebook.com\/VillaMathis","article_published_time":"2014-01-09T08:04:36+00:00","author":"Pascal","twitter_card":"summary_large_image","twitter_creator":"@mathisvilla","twitter_site":"@mathisvilla","twitter_misc":{"Verfasst von":"Pascal"},"schema":{"@context":"https:\/\/schema.org","@graph":[{"@type":"WebPage","@id":"https:\/\/villa-mathis.com\/en\/15-12-2013-fete-des-personnes-agees-de-breitenbach-80-personnes\/","url":"https:\/\/villa-mathis.com\/en\/15-12-2013-fete-des-personnes-agees-de-breitenbach-80-personnes\/","name":"15.12.2013 - F\u00eate des personnes \u00e2g\u00e9es de Breitenbach - 80 personnes - La Villa Mathis","isPartOf":{"@id":"https:\/\/villa-mathis.com\/#website"},"datePublished":"2014-01-09T08:04:36+00:00","dateModified":"2014-01-09T08:04:36+00:00","author":{"@id":"https:\/\/villa-mathis.com\/#\/schema\/person\/f35d98db17dba267256d6a95cae64224"},"description":"Toutes les personnes au-del\u00e0 de 70 ans et le conseil municipal de Breitenbach se sont donn\u00e9 rdv \u00e0 La Villa pour leur f\u00eate de No\u00ebl. Bilan de l\u2019ann\u00e9e, toutes les actions men\u00e9es sur la commune, la nouvelle UTN autoris\u00e9e, le trail Cr\u00eates et C\u00eemes et pleins d\u2019autres \u00e9v\u00e8nements qui font de Breitenbach une commune dynamique dont la Villa Mathis est fi\u00e8re d\u2019appartenir. Merci beaucoup Jean-Pierre.","breadcrumb":{"@id":"https:\/\/villa-mathis.com\/en\/15-12-2013-fete-des-personnes-agees-de-breitenbach-80-personnes\/#breadcrumb"},"inLanguage":"de","potentialAction":[{"@type":"ReadAction","target":["https:\/\/villa-mathis.com\/en\/15-12-2013-fete-des-personnes-agees-de-breitenbach-80-personnes\/"]}]},{"@type":"BreadcrumbList","@id":"https:\/\/villa-mathis.com\/en\/15-12-2013-fete-des-personnes-agees-de-breitenbach-80-personnes\/#breadcrumb","itemListElement":[{"@type":"ListItem","position":1,"name":"Accueil","item":"https:\/\/villa-mathis.com\/de\/"},{"@type":"ListItem","position":2,"name":"15.12.2013 &#8211; F\u00eate des personnes \u00e2g\u00e9es de Breitenbach &#8211; 80 personnes"}]},{"@type":"WebSite","@id":"https:\/\/villa-mathis.com\/#website","url":"https:\/\/villa-mathis.com\/","name":"La Villa Mathis","description":"Sp\u00e9cialiste du S\u00e9minaire et du Mariage (Alsace et Vosges)","potentialAction":[{"@type":"SearchAction","target":{"@type":"EntryPoint","urlTemplate":"https:\/\/villa-mathis.com\/?s={search_term_string}"},"query-input":"required name=search_term_string"}],"inLanguage":"de"},{"@type":"Person","@id":"https:\/\/villa-mathis.com\/#\/schema\/person\/f35d98db17dba267256d6a95cae64224","name":"Pascal","image":{"@type":"ImageObject","inLanguage":"de","@id":"https:\/\/villa-mathis.com\/#\/schema\/person\/image\/","url":"https:\/\/secure.gravatar.com\/avatar\/f8419dc302be4c8efc9ff10543f2eb2c?s=96&d=mm&r=g","contentUrl":"https:\/\/secure.gravatar.com\/avatar\/f8419dc302be4c8efc9ff10543f2eb2c?s=96&d=mm&r=g","caption":"Pascal"}}]}},"_links":{"self":[{"href":"https:\/\/villa-mathis.com\/de\/wp-json\/wp\/v2\/posts\/918"}],"collection":[{"href":"https:\/\/villa-mathis.com\/de\/wp-json\/wp\/v2\/posts"}],"about":[{"href":"https:\/\/villa-mathis.com\/de\/wp-json\/wp\/v2\/types\/post"}],"author":[{"embeddable":true,"href":"https:\/\/villa-mathis.com\/de\/wp-json\/wp\/v2\/users\/4"}],"replies":[{"embeddable":true,"href":"https:\/\/villa-mathis.com\/de\/wp-json\/wp\/v2\/comments?post=918"}],"version-history":[{"count":0,"href":"https:\/\/villa-mathis.com\/de\/wp-json\/wp\/v2\/posts\/918\/revisions"}],"wp:attachment":[{"href":"https:\/\/villa-mathis.com\/de\/wp-json\/wp\/v2\/media?parent=918"}],"wp:term":[{"taxonomy":"category","embeddable":true,"href":"https:\/\/villa-mathis.com\/de\/wp-json\/wp\/v2\/categories?post=918"},{"taxonomy":"post_tag","embeddable":true,"href":"https:\/\/villa-mathis.com\/de\/wp-json\/wp\/v2\/tags?post=918"}],"curies":[{"name":"wp","href":"https:\/\/api.w.org\/{rel}","templated":true}]}}