{"id":5167,"date":"2019-01-25T21:12:39","date_gmt":"2019-01-25T21:12:39","guid":{"rendered":"https:\/\/villa-mathis.com\/?p=5167"},"modified":"2019-07-04T05:38:57","modified_gmt":"2019-07-04T05:38:57","slug":"seve-solutions","status":"publish","type":"post","link":"https:\/\/villa-mathis.com\/de\/seve-solutions\/","title":{"rendered":"Salon &#8222;Bien \u00eatre et performance&#8220; \u00e0 la Villa Mathis avec S\u00e8ve-solutions"},"content":{"rendered":"<div class=\"wpb-content-wrapper\"><p>[vc_row p_top=&#8220;60&#8243;][vc_column][vc_column_text]<\/p>\n<h2>17 juin 2019<\/h2>\n<h3><strong>Venez d\u00e9couvrir l&#8217;approche unique que propose S\u00e8ve-solutions et la Villa Mathis pour allier le &#8222;bien \u00eatre et performance&#8220; au travail.<\/strong><\/h3>\n<h4>Avec S\u00e8ves-solutions, nous vous convions \u00e0 prendre de la hauteur et \u00e0 venir vous ressourcer \u00e0 cet endroit, \u00e0 l&#8217;image de son ancien propri\u00e9taire, Emile Mathis, grand industriel et constructeur automobile du si\u00e8cle dernier. Ce havre de paix est le lieu id\u00e9al pour acc\u00e9der au Bien Etre indispensable \u00e0 la performance au travail.<\/h4>\n<h2>Au programme :<\/h2>\n<h4>5 conf\u00e9rences sur les th\u00e9matiques suivantes :<\/h4>\n<ul>\n<li>Les risques psycho sociaux, comprendre le ph\u00e9nom\u00e8ne pour le transformer (Renaud Heitz, Consultant Sant\u00e9 Performance dans une grande Collectivit\u00e9 Fran\u00e7aise)<\/li>\n<li>\u00ab Pleine conscience, soft skills et performance au travail \u00bb (Christophe Coupas , coach en m\u00e9ditation)<\/li>\n<li>Manager les g\u00e9nerations Y, Z et alpha. (Berteletine Steger, Art Th\u00e9rapeute AMC)<\/li>\n<li>Chief Happiness Officer : mission strat\u00e9gique, un r\u00e9el levier de croissance pour les entreprises. (Delphine Talarmin Co-fondatrice et directrice conseil CHO chez Elsinky).<\/li>\n<li>Approche 360\u00b0 : comment agir pour acqu\u00e9rir le bien vivre et cette performance attendus ? (Fr\u00e9d\u00e9ric Monnot, Coach professionnel, Sp\u00e9cialiste en shiatsu et en \u00e9nerg\u00e9tique traditionnelle chinoise).<\/li>\n<\/ul>\n<h4><strong>Des ateliers et des stands &#8222;d\u00e9couverte&#8220; entre 9h30 et 16h30 :<\/strong><\/h4>\n<p>Atelier 1 : Quelques cl\u00e9s pour une communication bienveillante par Catherine COURRET<br \/>\nAtelier 2 : Pr\u00e9vention du Burn Out par la M\u00e9ditation de pleine conscience par Christophe COUPAS<br \/>\nAtelier 3 : Soft Kills, Pleine conscience &amp; Performance par Christophe COUPAS<br \/>\nAtelier 4 : Le Yoga pour atteindre l\u2019\u00e9liquilibre entre le corps, le mental et l\u2019esprit par Olga SOCOL MEYER<br \/>\nAtelier 5 : Yoga et respiration, pr\u00e9sence \u00e0 soi et concentration au travail par Murielle ENNESSER<br \/>\nAtelier 6 : Yoga matinal et yoga des yeux, mieux vivre les \u00e9crans par Lisa SIEBER<br \/>\nAtelier 7 : D\u00e9couverte de la R\u00e9flexologie plantaire E.R.V.E. par Isabelle RODRIGUES<br \/>\nAtelier 8 : Les couleurs du leadership par Laura URBAN<br \/>\nAtelier 9 : La relaxation cor\u00e9enne par Aude ROBLIN<br \/>\nAtelier 10 : D\u00e9velopper son plein potentiel et reconnecter l\u2019\u00e9nergie avec la nutrition par Esther SCHMIDT<br \/>\nAtelier 11 : Affirmation de soi par Corinne GUTH<br \/>\nAtelier 12 : Shiatsu sur chaise \u00ab pr\u00e9venir les TMS \u00bb par Marieke DRIES<br \/>\nAtelier 13 : Coh\u00e9rence cardiaque et gestion du stress par Gwena\u00ebl KNICHEL<br \/>\nAtelier 14 : Transformer gr\u00e2ce \u00e0 l\u2019auto hypnose par Gwena\u00ebl KNICHEL<br \/>\nAtelier 15 : L\u2019alimentation anti Burn Out par Kerstin STENBERG<br \/>\nAtelier 16 : Les effets surprenants de l\u2019activit\u00e9 physique sur le mental par Kerstin STENBERG<br \/>\nAtelier 17 : Yoga d\u2019inspiration Tib\u00e9taine : \u00ab Vers une Connaissance de soi \u00e0 SOI \u00bb par Chantal LANCIA<br \/>\nAtelier 18 : Le Mandala au service de la connaissance de soi par Aude ROBLIN<br \/>\nAtelier 19 : Le l\u00e2cher prise par la r\u00e9flexologie pour garder les pieds sur terre par Isabelle MENOU<br \/>\nAtelier 20 : Shiatsu sur chaise et \u00ab gestion du stress et des tensions \u00e9motionnelles \u00bb par Christel PICCIN<\/p>\n<p>Work caf\u00e9 permanent et work lunch \u00e0 partir de 18h00.<\/p>\n<p>Vous pourrez aussi avoir un temps d&#8217;\u00e9change avec les \u00e9quipes de S\u00e8ve-solutions et La Villa Mathis pour construire vos projets 2019\/2020 et rejoindre <strong>le Club des Chief Happiness Officer du Grand Est.<\/strong><\/p>\n<p><strong>SEVE SOLUTIONS &#8211; <a href=\"http:\/\/stats.sellsy-email-service-1.com\/l\/65680246\/vFsX3DHKh5ONJlWfl1U6L5W8RAmo620mDdNjiYDL_2fi_2bxgo_2fWq3ZnZw_3d_3d\/i.htm\" class=\"broken_link\">http:\/\/www.seve-solutions.fr\/<\/a> <\/strong><\/p>\n<p><strong> contact : Christine Lutter au 06 43 74 09 03<\/strong>[\/vc_column_text][vc_btn title=&#8220;Vous inscrire imm\u00e9diatement !&#8220; style=&#8220;classic&#8220; color=&#8220;white&#8220; align=&#8220;center&#8220; i_icon_fontawesome=&#8220;fa fa-heart&#8220; add_icon=&#8220;true&#8220; link=&#8220;url:https%3A%2F%2Fwww.eventbrite.fr%2Fe%2Fbillets-premieres-rencontres-du-bien-vivre-et-de-la-performance-au-travail-53736144254|title:Participer|target:%20_blank|&#8220;][\/vc_column][\/vc_row]<\/p>\n<\/div>","protected":false},"excerpt":{"rendered":"<p>Venez d\u00e9couvrir l&#8217;approche unique que propose S\u00e8ve-solutions et la Villa Mathis pour allier le &#8222;bien \u00eatre et performance&#8220; au travail.<\/p>\n","protected":false},"author":4,"featured_media":5529,"comment_status":"closed","ping_status":"closed","sticky":false,"template":"","format":"standard","meta":{"ngg_post_thumbnail":0,"footnotes":""},"categories":[112],"tags":[],"yoast_head":"<!-- This site is optimized with the Yoast SEO plugin v22.4 - https:\/\/yoast.com\/wordpress\/plugins\/seo\/ -->\n<title>Salon &quot;Bien \u00eatre et performance&quot; \u00e0 la Villa Mathis avec S\u00e8ve-solutions - La Villa Mathis<\/title>\n<meta name=\"description\" content=\"Venez d\u00e9couvrir l&#039;approche unique que propose S\u00e8ve-solutions et la Villa Mathis pour allier le &quot;bien \u00eatre et performance&quot; au travail.\" \/>\n<meta name=\"robots\" content=\"index, follow, max-snippet:-1, max-image-preview:large, max-video-preview:-1\" \/>\n<link rel=\"canonical\" href=\"https:\/\/villa-mathis.com\/de\/seve-solutions\/\" \/>\n<meta property=\"og:locale\" content=\"de_DE\" \/>\n<meta property=\"og:type\" content=\"article\" \/>\n<meta property=\"og:title\" content=\"Salon &quot;Bien \u00eatre et performance&quot; \u00e0 la Villa Mathis avec S\u00e8ve-solutions - La Villa Mathis\" \/>\n<meta property=\"og:description\" content=\"Venez d\u00e9couvrir l&#039;approche unique que propose S\u00e8ve-solutions et la Villa Mathis pour allier le &quot;bien \u00eatre et performance&quot; au travail.\" \/>\n<meta property=\"og:url\" content=\"https:\/\/villa-mathis.com\/de\/seve-solutions\/\" \/>\n<meta property=\"og:site_name\" content=\"La Villa Mathis\" \/>\n<meta property=\"article:publisher\" content=\"https:\/\/www.facebook.com\/VillaMathis\" \/>\n<meta property=\"article:published_time\" content=\"2019-01-25T21:12:39+00:00\" \/>\n<meta property=\"article:modified_time\" content=\"2019-07-04T05:38:57+00:00\" \/>\n<meta property=\"og:image\" content=\"https:\/\/villa-mathis.com\/wp-content\/uploads\/2019\/01\/seve_villa.jpg\" \/>\n\t<meta property=\"og:image:width\" content=\"600\" \/>\n\t<meta property=\"og:image:height\" content=\"450\" \/>\n\t<meta property=\"og:image:type\" content=\"image\/jpeg\" \/>\n<meta name=\"author\" content=\"Pascal\" \/>\n<meta name=\"twitter:card\" content=\"summary_large_image\" \/>\n<meta name=\"twitter:creator\" content=\"@mathisvilla\" \/>\n<meta name=\"twitter:site\" content=\"@mathisvilla\" \/>\n<meta name=\"twitter:label1\" content=\"Verfasst von\" \/>\n\t<meta name=\"twitter:data1\" content=\"Pascal\" \/>\n\t<meta name=\"twitter:label2\" content=\"Gesch\u00e4tzte Lesezeit\" \/>\n\t<meta name=\"twitter:data2\" content=\"3\u00a0Minuten\" \/>\n<script type=\"application\/ld+json\" class=\"yoast-schema-graph\">{\"@context\":\"https:\/\/schema.org\",\"@graph\":[{\"@type\":\"WebPage\",\"@id\":\"https:\/\/villa-mathis.com\/de\/seve-solutions\/\",\"url\":\"https:\/\/villa-mathis.com\/de\/seve-solutions\/\",\"name\":\"Salon \\\"Bien \u00eatre et performance\\\" \u00e0 la Villa Mathis avec S\u00e8ve-solutions - La Villa Mathis\",\"isPartOf\":{\"@id\":\"https:\/\/villa-mathis.com\/#website\"},\"primaryImageOfPage\":{\"@id\":\"https:\/\/villa-mathis.com\/de\/seve-solutions\/#primaryimage\"},\"image\":{\"@id\":\"https:\/\/villa-mathis.com\/de\/seve-solutions\/#primaryimage\"},\"thumbnailUrl\":\"https:\/\/villa-mathis.com\/wp-content\/uploads\/2019\/01\/seve_villa.jpg\",\"datePublished\":\"2019-01-25T21:12:39+00:00\",\"dateModified\":\"2019-07-04T05:38:57+00:00\",\"author\":{\"@id\":\"https:\/\/villa-mathis.com\/#\/schema\/person\/f35d98db17dba267256d6a95cae64224\"},\"description\":\"Venez d\u00e9couvrir l'approche unique que propose S\u00e8ve-solutions et la Villa Mathis pour allier le \\\"bien \u00eatre et performance\\\" au travail.\",\"breadcrumb\":{\"@id\":\"https:\/\/villa-mathis.com\/de\/seve-solutions\/#breadcrumb\"},\"inLanguage\":\"de\",\"potentialAction\":[{\"@type\":\"ReadAction\",\"target\":[\"https:\/\/villa-mathis.com\/de\/seve-solutions\/\"]}]},{\"@type\":\"ImageObject\",\"inLanguage\":\"de\",\"@id\":\"https:\/\/villa-mathis.com\/de\/seve-solutions\/#primaryimage\",\"url\":\"https:\/\/villa-mathis.com\/wp-content\/uploads\/2019\/01\/seve_villa.jpg\",\"contentUrl\":\"https:\/\/villa-mathis.com\/wp-content\/uploads\/2019\/01\/seve_villa.jpg\",\"width\":600,\"height\":450},{\"@type\":\"BreadcrumbList\",\"@id\":\"https:\/\/villa-mathis.com\/de\/seve-solutions\/#breadcrumb\",\"itemListElement\":[{\"@type\":\"ListItem\",\"position\":1,\"name\":\"Accueil\",\"item\":\"https:\/\/villa-mathis.com\/de\/\"},{\"@type\":\"ListItem\",\"position\":2,\"name\":\"Salon &#8222;Bien \u00eatre et performance&#8220; \u00e0 la Villa Mathis avec S\u00e8ve-solutions\"}]},{\"@type\":\"WebSite\",\"@id\":\"https:\/\/villa-mathis.com\/#website\",\"url\":\"https:\/\/villa-mathis.com\/\",\"name\":\"La Villa Mathis\",\"description\":\"Sp\u00e9cialiste du S\u00e9minaire et du Mariage (Alsace et Vosges)\",\"potentialAction\":[{\"@type\":\"SearchAction\",\"target\":{\"@type\":\"EntryPoint\",\"urlTemplate\":\"https:\/\/villa-mathis.com\/?s={search_term_string}\"},\"query-input\":\"required name=search_term_string\"}],\"inLanguage\":\"de\"},{\"@type\":\"Person\",\"@id\":\"https:\/\/villa-mathis.com\/#\/schema\/person\/f35d98db17dba267256d6a95cae64224\",\"name\":\"Pascal\",\"image\":{\"@type\":\"ImageObject\",\"inLanguage\":\"de\",\"@id\":\"https:\/\/villa-mathis.com\/#\/schema\/person\/image\/\",\"url\":\"https:\/\/secure.gravatar.com\/avatar\/f8419dc302be4c8efc9ff10543f2eb2c?s=96&d=mm&r=g\",\"contentUrl\":\"https:\/\/secure.gravatar.com\/avatar\/f8419dc302be4c8efc9ff10543f2eb2c?s=96&d=mm&r=g\",\"caption\":\"Pascal\"}}]}<\/script>\n<!-- \/ Yoast SEO plugin. -->","yoast_head_json":{"title":"Salon \"Bien \u00eatre et performance\" \u00e0 la Villa Mathis avec S\u00e8ve-solutions - La Villa Mathis","description":"Venez d\u00e9couvrir l'approche unique que propose S\u00e8ve-solutions et la Villa Mathis pour allier le \"bien \u00eatre et performance\" au travail.","robots":{"index":"index","follow":"follow","max-snippet":"max-snippet:-1","max-image-preview":"max-image-preview:large","max-video-preview":"max-video-preview:-1"},"canonical":"https:\/\/villa-mathis.com\/de\/seve-solutions\/","og_locale":"de_DE","og_type":"article","og_title":"Salon \"Bien \u00eatre et performance\" \u00e0 la Villa Mathis avec S\u00e8ve-solutions - La Villa Mathis","og_description":"Venez d\u00e9couvrir l'approche unique que propose S\u00e8ve-solutions et la Villa Mathis pour allier le \"bien \u00eatre et performance\" au travail.","og_url":"https:\/\/villa-mathis.com\/de\/seve-solutions\/","og_site_name":"La Villa Mathis","article_publisher":"https:\/\/www.facebook.com\/VillaMathis","article_published_time":"2019-01-25T21:12:39+00:00","article_modified_time":"2019-07-04T05:38:57+00:00","og_image":[{"width":600,"height":450,"url":"https:\/\/villa-mathis.com\/wp-content\/uploads\/2019\/01\/seve_villa.jpg","type":"image\/jpeg"}],"author":"Pascal","twitter_card":"summary_large_image","twitter_creator":"@mathisvilla","twitter_site":"@mathisvilla","twitter_misc":{"Verfasst von":"Pascal","Gesch\u00e4tzte Lesezeit":"3\u00a0Minuten"},"schema":{"@context":"https:\/\/schema.org","@graph":[{"@type":"WebPage","@id":"https:\/\/villa-mathis.com\/de\/seve-solutions\/","url":"https:\/\/villa-mathis.com\/de\/seve-solutions\/","name":"Salon \"Bien \u00eatre et performance\" \u00e0 la Villa Mathis avec S\u00e8ve-solutions - La Villa Mathis","isPartOf":{"@id":"https:\/\/villa-mathis.com\/#website"},"primaryImageOfPage":{"@id":"https:\/\/villa-mathis.com\/de\/seve-solutions\/#primaryimage"},"image":{"@id":"https:\/\/villa-mathis.com\/de\/seve-solutions\/#primaryimage"},"thumbnailUrl":"https:\/\/villa-mathis.com\/wp-content\/uploads\/2019\/01\/seve_villa.jpg","datePublished":"2019-01-25T21:12:39+00:00","dateModified":"2019-07-04T05:38:57+00:00","author":{"@id":"https:\/\/villa-mathis.com\/#\/schema\/person\/f35d98db17dba267256d6a95cae64224"},"description":"Venez d\u00e9couvrir l'approche unique que propose S\u00e8ve-solutions et la Villa Mathis pour allier le \"bien \u00eatre et performance\" au travail.","breadcrumb":{"@id":"https:\/\/villa-mathis.com\/de\/seve-solutions\/#breadcrumb"},"inLanguage":"de","potentialAction":[{"@type":"ReadAction","target":["https:\/\/villa-mathis.com\/de\/seve-solutions\/"]}]},{"@type":"ImageObject","inLanguage":"de","@id":"https:\/\/villa-mathis.com\/de\/seve-solutions\/#primaryimage","url":"https:\/\/villa-mathis.com\/wp-content\/uploads\/2019\/01\/seve_villa.jpg","contentUrl":"https:\/\/villa-mathis.com\/wp-content\/uploads\/2019\/01\/seve_villa.jpg","width":600,"height":450},{"@type":"BreadcrumbList","@id":"https:\/\/villa-mathis.com\/de\/seve-solutions\/#breadcrumb","itemListElement":[{"@type":"ListItem","position":1,"name":"Accueil","item":"https:\/\/villa-mathis.com\/de\/"},{"@type":"ListItem","position":2,"name":"Salon &#8222;Bien \u00eatre et performance&#8220; \u00e0 la Villa Mathis avec S\u00e8ve-solutions"}]},{"@type":"WebSite","@id":"https:\/\/villa-mathis.com\/#website","url":"https:\/\/villa-mathis.com\/","name":"La Villa Mathis","description":"Sp\u00e9cialiste du S\u00e9minaire et du Mariage (Alsace et Vosges)","potentialAction":[{"@type":"SearchAction","target":{"@type":"EntryPoint","urlTemplate":"https:\/\/villa-mathis.com\/?s={search_term_string}"},"query-input":"required name=search_term_string"}],"inLanguage":"de"},{"@type":"Person","@id":"https:\/\/villa-mathis.com\/#\/schema\/person\/f35d98db17dba267256d6a95cae64224","name":"Pascal","image":{"@type":"ImageObject","inLanguage":"de","@id":"https:\/\/villa-mathis.com\/#\/schema\/person\/image\/","url":"https:\/\/secure.gravatar.com\/avatar\/f8419dc302be4c8efc9ff10543f2eb2c?s=96&d=mm&r=g","contentUrl":"https:\/\/secure.gravatar.com\/avatar\/f8419dc302be4c8efc9ff10543f2eb2c?s=96&d=mm&r=g","caption":"Pascal"}}]}},"_links":{"self":[{"href":"https:\/\/villa-mathis.com\/de\/wp-json\/wp\/v2\/posts\/5167"}],"collection":[{"href":"https:\/\/villa-mathis.com\/de\/wp-json\/wp\/v2\/posts"}],"about":[{"href":"https:\/\/villa-mathis.com\/de\/wp-json\/wp\/v2\/types\/post"}],"author":[{"embeddable":true,"href":"https:\/\/villa-mathis.com\/de\/wp-json\/wp\/v2\/users\/4"}],"replies":[{"embeddable":true,"href":"https:\/\/villa-mathis.com\/de\/wp-json\/wp\/v2\/comments?post=5167"}],"version-history":[{"count":4,"href":"https:\/\/villa-mathis.com\/de\/wp-json\/wp\/v2\/posts\/5167\/revisions"}],"predecessor-version":[{"id":5534,"href":"https:\/\/villa-mathis.com\/de\/wp-json\/wp\/v2\/posts\/5167\/revisions\/5534"}],"wp:featuredmedia":[{"embeddable":true,"href":"https:\/\/villa-mathis.com\/de\/wp-json\/wp\/v2\/media\/5529"}],"wp:attachment":[{"href":"https:\/\/villa-mathis.com\/de\/wp-json\/wp\/v2\/media?parent=5167"}],"wp:term":[{"taxonomy":"category","embeddable":true,"href":"https:\/\/villa-mathis.com\/de\/wp-json\/wp\/v2\/categories?post=5167"},{"taxonomy":"post_tag","embeddable":true,"href":"https:\/\/villa-mathis.com\/de\/wp-json\/wp\/v2\/tags?post=5167"}],"curies":[{"name":"wp","href":"https:\/\/api.w.org\/{rel}","templated":true}]}}