{"id":4814,"date":"2017-06-29T09:52:58","date_gmt":"2017-06-29T09:52:58","guid":{"rendered":"http:\/\/villa-mathis.com\/nouvel-en-alsace-reveillon-20172018-les-annees-20-la-villa-mathis\/"},"modified":"2019-01-22T15:26:39","modified_gmt":"2019-01-22T15:26:39","slug":"nouvel-en-alsace-reveillon-2018-2019-les-annees-20-la-villa-mathis","status":"publish","type":"post","link":"https:\/\/villa-mathis.com\/de\/nouvel-en-alsace-reveillon-2018-2019-les-annees-20-la-villa-mathis\/","title":{"rendered":"Nouvel An en Alsace : r\u00e9veillon 2018\/2019, les ann\u00e9es 20 \u00e0 la Villa Mathis !"},"content":{"rendered":"<div class=\"wpb-content-wrapper\"><p>[vc_row row_type=&#8220;full_width&#8220; type=&#8220;container&#8220; p_top=&#8220;50&#8243;][vc_column][vc_column_text]<\/p>\n<hr>\n<h2 style=\"text-align: center;\">Une inoubliable soir\u00e9e de Nouvel An en Alsace,<br \/>\nen pleine montagne, sur le th\u00e8me des Ann\u00e9es 20<\/h2>\n<h1 style=\"text-align: center;\">2018\/2019 : Nouvel an en Alsace<br \/>\nBuffet &#8211; animations &#8211; h\u00e9bergement<\/h1>\n<p><a href=\"https:\/\/villa-mathis.com\/wp-content\/uploads\/2018\/09\/Nouvel_an_2018_19.pdf\" target=\"_blank\" rel=\"noopener\"><img loading=\"lazy\" decoding=\"async\" class=\"alignnone wp-image-5018 size-full\" title=\"2018\/2019 : Nouvel an en Alsace\" src=\"https:\/\/villa-mathis.com\/wp-content\/uploads\/2017\/06\/Nouvel_an_2018_19.jpg?_t=1537514266\" alt=\"2018\/2019 : Nouvel an en Alsace\" width=\"1754\" height=\"1240\" srcset=\"https:\/\/villa-mathis.com\/wp-content\/uploads\/2017\/06\/Nouvel_an_2018_19.jpg 1754w, https:\/\/villa-mathis.com\/wp-content\/uploads\/2017\/06\/Nouvel_an_2018_19-300x212.jpg 300w, https:\/\/villa-mathis.com\/wp-content\/uploads\/2017\/06\/Nouvel_an_2018_19-768x543.jpg 768w, https:\/\/villa-mathis.com\/wp-content\/uploads\/2017\/06\/Nouvel_an_2018_19-1448x1024.jpg 1448w, https:\/\/villa-mathis.com\/wp-content\/uploads\/2017\/06\/Nouvel_an_2018_19-1140x806.jpg 1140w, https:\/\/villa-mathis.com\/wp-content\/uploads\/2017\/06\/Nouvel_an_2018_19-848x599.jpg 848w\" sizes=\"(max-width: 1754px) 100vw, 1754px\" \/><\/a><\/p>\n<h2 style=\"text-align: center;\">&nbsp;<\/h2>\n<h2 style=\"text-align: center;\">Au menu<\/h2>\n<p style=\"text-align: center;\"><em>2018\/2019 : Nouvel an en Alsace<\/em><\/p>\n<p style=\"text-align: center;\">Ap\u00e9ritif avec 1 verre de marquisette inclus<br \/>\nBuffet Froid\/Chaud, Sal\u00e9\/Sucr\u00e9 ITALIEN<\/p>\n<p style=\"text-align: center;\">Ambiance Bonne Franquette &#8211; Grandes Tables<br \/>\nEspace Cocktail Mange-debout &#8211; Dancefloor &#8211; Terrasse d\u2019hiver<br \/>\nSalle enfants avec un buffet enfant et projection dessin anim\u00e9<br \/>\nespace de jeux possible (apportez vos jeux)<\/p>\n<p style=\"text-align: center;\">Tarif soir\u00e9e Adulte Hors Boissons : 65\u20ac TTC<br \/>\nTarif soir\u00e9e Enfant (-10 ans) Hors Boissons : 20\u20ac TTC<\/p>\n<p style=\"text-align: center;\"><strong>Animation DJ Yvain &#8211; EST Animation toute la nuit !<\/strong><\/p>\n<h2 style=\"text-align: center;\">&nbsp;<\/h2>\n<h2 style=\"text-align: center;\"><strong>Logement sur place<br \/>\n<\/strong><\/h2>\n<p style=\"text-align: center;\">Chambre single : 70 \u20ac TTC<br \/>\nChambre double : 80 \u20ac TTC<br \/>\nChambre triple : 90 \u20ac TTC<br \/>\nChambre quadruple : 105 \u20ac TTC<br \/>\nChambre 5 personnes : 120 \u20ac TTC<br \/>\nOption Dortoir : 6 \u20ac TTC (apportez vos sacs de couchage et matelas, limit\u00e9 \u00e0 15 places)<\/p>\n<p style=\"text-align: center;\">Et pour bien commencer l\u2019ann\u00e9e: Brunch de 10h \u00e0 12h Sal\u00e9\/Sucr\u00e9, Froid\/Chaud : 19 \u20ac TTC<\/p>\n<p style=\"text-align: center;\">&#8212;&#8212;&#8212;-<\/p>\n<p style=\"text-align: center;\"><strong>31 d\u00e9cembre 2018 \u00e0 partir de 19h<br \/>\nR\u00e9servation &#8222;R\u00e9veillon&nbsp;2018\/2019 : Nouvel an en Alsace&#8220; obligatoire par mail <a href=\"mailto:accueil@villa-mathis.com\">accueil@villa-mathis.com<\/a><\/strong><\/p>\n<p style=\"text-align: center;\"><a href=\"https:\/\/villa-mathis.com\/wp-content\/uploads\/2018\/09\/Nouvel_an_2018_19.pdf\" target=\"_blank\" rel=\"noopener\">T\u00e9l\u00e9chargez le flyer de la soir\u00e9e<\/a><\/p>\n<p style=\"text-align: center;\">&nbsp;<\/p>\n<p style=\"text-align: center;\">&nbsp;<\/p>\n<p style=\"text-align: center;\"><em>Depuis de nombreuses ann\u00e9es, la Villa Mathis accueille un grand nombre de convives qui souhaitent f\u00eater Nouvel An en Alsace.<\/em><\/p>\n<p>La Villa Mathis a \u00e9t\u00e9 construite dans les ann\u00e9es 1928-30 par Emile Mathis, constructeur de voitures \u00e0 Strasbourg avant-guerre.\u2028Cette \u00e9l\u00e9gante demeure, qui \u00e9tait sa r\u00e9sidence secondaire sur 1600 m2, accueillait banquets, f\u00eates et rencontres professionnelles. Puis la Maison a \u00e9t\u00e9 r\u00e9quisitionn\u00e9e pendant la guerre par les officiers allemands.<\/p>\n<p>Rendue \u00e0 son propri\u00e9taire apr\u00e8s-guerre, elle est vendue \u00e0 la commune de Forbach (57).\u2028Elle devient ainsi au d\u00e9but des ann\u00e9es 50, un lieu qui accueillait de belles colonies de vacances pour les enfants des mineurs de Forbach.\u2028Et ce jusqu\u2019\u00e0 la fin des ann\u00e9es 90, la fin de l\u2019histoire est sign\u00e9e par l\u2019arr\u00eat de l\u2019exploitation des mines.<a href=\"https:\/\/villa-mathis.com\/de\/histoire-de-la-villa-mathis\/\" target=\"_blank\" rel=\"noopener\"> -&gt; D\u00e9couvrir l&#8217;histoire de la Villa Mathis<\/a>[\/vc_column_text][\/vc_column][\/vc_row]<\/p>\n<\/div>","protected":false},"excerpt":{"rendered":"<p>Une inoubliable soir\u00e9e de Nouvel An en Alsace, en pleine montagne, sur le th\u00e8me des Ann\u00e9es 20.<br \/>\nSoir\u00e9e de nouvel an 2018\/2019 &#8211; buffet &#8211; animations &#8211; h\u00e9bergement<\/p>\n","protected":false},"author":4,"featured_media":5153,"comment_status":"closed","ping_status":"closed","sticky":false,"template":"","format":"standard","meta":{"ngg_post_thumbnail":0,"footnotes":""},"categories":[112],"tags":[],"yoast_head":"<!-- This site is optimized with the Yoast SEO plugin v22.4 - https:\/\/yoast.com\/wordpress\/plugins\/seo\/ -->\n<title>2018\/2019 : Nouvel An en Alsace, les ann\u00e9es 20 \u00e0 la Villa Mathis !<\/title>\n<meta name=\"description\" content=\"2018\/2019 : Nouvel an en Alsace, en pleine montagne, sur le th\u00e8me des Ann\u00e9es 20. Buffet - animations - possibilit\u00e9 d&#039;h\u00e9bergement\" \/>\n<meta name=\"robots\" content=\"index, follow, max-snippet:-1, max-image-preview:large, max-video-preview:-1\" \/>\n<link rel=\"canonical\" href=\"https:\/\/villa-mathis.com\/de\/nouvel-en-alsace-reveillon-2018-2019-les-annees-20-la-villa-mathis\/\" \/>\n<meta property=\"og:locale\" content=\"de_DE\" \/>\n<meta property=\"og:type\" content=\"article\" \/>\n<meta property=\"og:title\" content=\"2018\/2019 : Nouvel An en Alsace, les ann\u00e9es 20 \u00e0 la Villa Mathis !\" \/>\n<meta property=\"og:description\" content=\"2018\/2019 : Nouvel an en Alsace, en pleine montagne, sur le th\u00e8me des Ann\u00e9es 20. Buffet - animations - possibilit\u00e9 d&#039;h\u00e9bergement\" \/>\n<meta property=\"og:url\" content=\"https:\/\/villa-mathis.com\/de\/nouvel-en-alsace-reveillon-2018-2019-les-annees-20-la-villa-mathis\/\" \/>\n<meta property=\"og:site_name\" content=\"La Villa Mathis\" \/>\n<meta property=\"article:publisher\" content=\"https:\/\/www.facebook.com\/VillaMathis\" \/>\n<meta property=\"article:published_time\" content=\"2017-06-29T09:52:58+00:00\" \/>\n<meta property=\"article:modified_time\" content=\"2019-01-22T15:26:39+00:00\" \/>\n<meta property=\"og:image\" content=\"https:\/\/villa-mathis.com\/wp-content\/uploads\/2017\/06\/nouvel-an-2017-2018.jpg\" \/>\n\t<meta property=\"og:image:width\" content=\"742\" \/>\n\t<meta property=\"og:image:height\" content=\"524\" \/>\n\t<meta property=\"og:image:type\" content=\"image\/jpeg\" \/>\n<meta name=\"author\" content=\"Pascal\" \/>\n<meta name=\"twitter:card\" content=\"summary_large_image\" \/>\n<meta name=\"twitter:creator\" content=\"@mathisvilla\" \/>\n<meta name=\"twitter:site\" content=\"@mathisvilla\" \/>\n<meta name=\"twitter:label1\" content=\"Verfasst von\" \/>\n\t<meta name=\"twitter:data1\" content=\"Pascal\" \/>\n\t<meta name=\"twitter:label2\" content=\"Gesch\u00e4tzte Lesezeit\" \/>\n\t<meta name=\"twitter:data2\" content=\"2\u00a0Minuten\" \/>\n<script type=\"application\/ld+json\" class=\"yoast-schema-graph\">{\"@context\":\"https:\/\/schema.org\",\"@graph\":[{\"@type\":\"WebPage\",\"@id\":\"https:\/\/villa-mathis.com\/de\/nouvel-en-alsace-reveillon-2018-2019-les-annees-20-la-villa-mathis\/\",\"url\":\"https:\/\/villa-mathis.com\/de\/nouvel-en-alsace-reveillon-2018-2019-les-annees-20-la-villa-mathis\/\",\"name\":\"2018\/2019 : Nouvel An en Alsace, les ann\u00e9es 20 \u00e0 la Villa Mathis !\",\"isPartOf\":{\"@id\":\"https:\/\/villa-mathis.com\/#website\"},\"primaryImageOfPage\":{\"@id\":\"https:\/\/villa-mathis.com\/de\/nouvel-en-alsace-reveillon-2018-2019-les-annees-20-la-villa-mathis\/#primaryimage\"},\"image\":{\"@id\":\"https:\/\/villa-mathis.com\/de\/nouvel-en-alsace-reveillon-2018-2019-les-annees-20-la-villa-mathis\/#primaryimage\"},\"thumbnailUrl\":\"https:\/\/villa-mathis.com\/wp-content\/uploads\/2017\/06\/nouvel-an-2017-2018.jpg\",\"datePublished\":\"2017-06-29T09:52:58+00:00\",\"dateModified\":\"2019-01-22T15:26:39+00:00\",\"author\":{\"@id\":\"https:\/\/villa-mathis.com\/#\/schema\/person\/f35d98db17dba267256d6a95cae64224\"},\"description\":\"2018\/2019 : Nouvel an en Alsace, en pleine montagne, sur le th\u00e8me des Ann\u00e9es 20. Buffet - animations - possibilit\u00e9 d'h\u00e9bergement\",\"breadcrumb\":{\"@id\":\"https:\/\/villa-mathis.com\/de\/nouvel-en-alsace-reveillon-2018-2019-les-annees-20-la-villa-mathis\/#breadcrumb\"},\"inLanguage\":\"de\",\"potentialAction\":[{\"@type\":\"ReadAction\",\"target\":[\"https:\/\/villa-mathis.com\/de\/nouvel-en-alsace-reveillon-2018-2019-les-annees-20-la-villa-mathis\/\"]}]},{\"@type\":\"ImageObject\",\"inLanguage\":\"de\",\"@id\":\"https:\/\/villa-mathis.com\/de\/nouvel-en-alsace-reveillon-2018-2019-les-annees-20-la-villa-mathis\/#primaryimage\",\"url\":\"https:\/\/villa-mathis.com\/wp-content\/uploads\/2017\/06\/nouvel-an-2017-2018.jpg\",\"contentUrl\":\"https:\/\/villa-mathis.com\/wp-content\/uploads\/2017\/06\/nouvel-an-2017-2018.jpg\",\"width\":742,\"height\":524},{\"@type\":\"BreadcrumbList\",\"@id\":\"https:\/\/villa-mathis.com\/de\/nouvel-en-alsace-reveillon-2018-2019-les-annees-20-la-villa-mathis\/#breadcrumb\",\"itemListElement\":[{\"@type\":\"ListItem\",\"position\":1,\"name\":\"Accueil\",\"item\":\"https:\/\/villa-mathis.com\/de\/\"},{\"@type\":\"ListItem\",\"position\":2,\"name\":\"Nouvel An en Alsace : r\u00e9veillon 2018\/2019, les ann\u00e9es 20 \u00e0 la Villa Mathis !\"}]},{\"@type\":\"WebSite\",\"@id\":\"https:\/\/villa-mathis.com\/#website\",\"url\":\"https:\/\/villa-mathis.com\/\",\"name\":\"La Villa Mathis\",\"description\":\"Sp\u00e9cialiste du S\u00e9minaire et du Mariage (Alsace et Vosges)\",\"potentialAction\":[{\"@type\":\"SearchAction\",\"target\":{\"@type\":\"EntryPoint\",\"urlTemplate\":\"https:\/\/villa-mathis.com\/?s={search_term_string}\"},\"query-input\":\"required name=search_term_string\"}],\"inLanguage\":\"de\"},{\"@type\":\"Person\",\"@id\":\"https:\/\/villa-mathis.com\/#\/schema\/person\/f35d98db17dba267256d6a95cae64224\",\"name\":\"Pascal\",\"image\":{\"@type\":\"ImageObject\",\"inLanguage\":\"de\",\"@id\":\"https:\/\/villa-mathis.com\/#\/schema\/person\/image\/\",\"url\":\"https:\/\/secure.gravatar.com\/avatar\/f8419dc302be4c8efc9ff10543f2eb2c?s=96&d=mm&r=g\",\"contentUrl\":\"https:\/\/secure.gravatar.com\/avatar\/f8419dc302be4c8efc9ff10543f2eb2c?s=96&d=mm&r=g\",\"caption\":\"Pascal\"}}]}<\/script>\n<!-- \/ Yoast SEO plugin. -->","yoast_head_json":{"title":"2018\/2019 : Nouvel An en Alsace, les ann\u00e9es 20 \u00e0 la Villa Mathis !","description":"2018\/2019 : Nouvel an en Alsace, en pleine montagne, sur le th\u00e8me des Ann\u00e9es 20. Buffet - animations - possibilit\u00e9 d'h\u00e9bergement","robots":{"index":"index","follow":"follow","max-snippet":"max-snippet:-1","max-image-preview":"max-image-preview:large","max-video-preview":"max-video-preview:-1"},"canonical":"https:\/\/villa-mathis.com\/de\/nouvel-en-alsace-reveillon-2018-2019-les-annees-20-la-villa-mathis\/","og_locale":"de_DE","og_type":"article","og_title":"2018\/2019 : Nouvel An en Alsace, les ann\u00e9es 20 \u00e0 la Villa Mathis !","og_description":"2018\/2019 : Nouvel an en Alsace, en pleine montagne, sur le th\u00e8me des Ann\u00e9es 20. Buffet - animations - possibilit\u00e9 d'h\u00e9bergement","og_url":"https:\/\/villa-mathis.com\/de\/nouvel-en-alsace-reveillon-2018-2019-les-annees-20-la-villa-mathis\/","og_site_name":"La Villa Mathis","article_publisher":"https:\/\/www.facebook.com\/VillaMathis","article_published_time":"2017-06-29T09:52:58+00:00","article_modified_time":"2019-01-22T15:26:39+00:00","og_image":[{"width":742,"height":524,"url":"https:\/\/villa-mathis.com\/wp-content\/uploads\/2017\/06\/nouvel-an-2017-2018.jpg","type":"image\/jpeg"}],"author":"Pascal","twitter_card":"summary_large_image","twitter_creator":"@mathisvilla","twitter_site":"@mathisvilla","twitter_misc":{"Verfasst von":"Pascal","Gesch\u00e4tzte Lesezeit":"2\u00a0Minuten"},"schema":{"@context":"https:\/\/schema.org","@graph":[{"@type":"WebPage","@id":"https:\/\/villa-mathis.com\/de\/nouvel-en-alsace-reveillon-2018-2019-les-annees-20-la-villa-mathis\/","url":"https:\/\/villa-mathis.com\/de\/nouvel-en-alsace-reveillon-2018-2019-les-annees-20-la-villa-mathis\/","name":"2018\/2019 : Nouvel An en Alsace, les ann\u00e9es 20 \u00e0 la Villa Mathis !","isPartOf":{"@id":"https:\/\/villa-mathis.com\/#website"},"primaryImageOfPage":{"@id":"https:\/\/villa-mathis.com\/de\/nouvel-en-alsace-reveillon-2018-2019-les-annees-20-la-villa-mathis\/#primaryimage"},"image":{"@id":"https:\/\/villa-mathis.com\/de\/nouvel-en-alsace-reveillon-2018-2019-les-annees-20-la-villa-mathis\/#primaryimage"},"thumbnailUrl":"https:\/\/villa-mathis.com\/wp-content\/uploads\/2017\/06\/nouvel-an-2017-2018.jpg","datePublished":"2017-06-29T09:52:58+00:00","dateModified":"2019-01-22T15:26:39+00:00","author":{"@id":"https:\/\/villa-mathis.com\/#\/schema\/person\/f35d98db17dba267256d6a95cae64224"},"description":"2018\/2019 : Nouvel an en Alsace, en pleine montagne, sur le th\u00e8me des Ann\u00e9es 20. Buffet - animations - possibilit\u00e9 d'h\u00e9bergement","breadcrumb":{"@id":"https:\/\/villa-mathis.com\/de\/nouvel-en-alsace-reveillon-2018-2019-les-annees-20-la-villa-mathis\/#breadcrumb"},"inLanguage":"de","potentialAction":[{"@type":"ReadAction","target":["https:\/\/villa-mathis.com\/de\/nouvel-en-alsace-reveillon-2018-2019-les-annees-20-la-villa-mathis\/"]}]},{"@type":"ImageObject","inLanguage":"de","@id":"https:\/\/villa-mathis.com\/de\/nouvel-en-alsace-reveillon-2018-2019-les-annees-20-la-villa-mathis\/#primaryimage","url":"https:\/\/villa-mathis.com\/wp-content\/uploads\/2017\/06\/nouvel-an-2017-2018.jpg","contentUrl":"https:\/\/villa-mathis.com\/wp-content\/uploads\/2017\/06\/nouvel-an-2017-2018.jpg","width":742,"height":524},{"@type":"BreadcrumbList","@id":"https:\/\/villa-mathis.com\/de\/nouvel-en-alsace-reveillon-2018-2019-les-annees-20-la-villa-mathis\/#breadcrumb","itemListElement":[{"@type":"ListItem","position":1,"name":"Accueil","item":"https:\/\/villa-mathis.com\/de\/"},{"@type":"ListItem","position":2,"name":"Nouvel An en Alsace : r\u00e9veillon 2018\/2019, les ann\u00e9es 20 \u00e0 la Villa Mathis !"}]},{"@type":"WebSite","@id":"https:\/\/villa-mathis.com\/#website","url":"https:\/\/villa-mathis.com\/","name":"La Villa Mathis","description":"Sp\u00e9cialiste du S\u00e9minaire et du Mariage (Alsace et Vosges)","potentialAction":[{"@type":"SearchAction","target":{"@type":"EntryPoint","urlTemplate":"https:\/\/villa-mathis.com\/?s={search_term_string}"},"query-input":"required name=search_term_string"}],"inLanguage":"de"},{"@type":"Person","@id":"https:\/\/villa-mathis.com\/#\/schema\/person\/f35d98db17dba267256d6a95cae64224","name":"Pascal","image":{"@type":"ImageObject","inLanguage":"de","@id":"https:\/\/villa-mathis.com\/#\/schema\/person\/image\/","url":"https:\/\/secure.gravatar.com\/avatar\/f8419dc302be4c8efc9ff10543f2eb2c?s=96&d=mm&r=g","contentUrl":"https:\/\/secure.gravatar.com\/avatar\/f8419dc302be4c8efc9ff10543f2eb2c?s=96&d=mm&r=g","caption":"Pascal"}}]}},"_links":{"self":[{"href":"https:\/\/villa-mathis.com\/de\/wp-json\/wp\/v2\/posts\/4814"}],"collection":[{"href":"https:\/\/villa-mathis.com\/de\/wp-json\/wp\/v2\/posts"}],"about":[{"href":"https:\/\/villa-mathis.com\/de\/wp-json\/wp\/v2\/types\/post"}],"author":[{"embeddable":true,"href":"https:\/\/villa-mathis.com\/de\/wp-json\/wp\/v2\/users\/4"}],"replies":[{"embeddable":true,"href":"https:\/\/villa-mathis.com\/de\/wp-json\/wp\/v2\/comments?post=4814"}],"version-history":[{"count":5,"href":"https:\/\/villa-mathis.com\/de\/wp-json\/wp\/v2\/posts\/4814\/revisions"}],"predecessor-version":[{"id":5152,"href":"https:\/\/villa-mathis.com\/de\/wp-json\/wp\/v2\/posts\/4814\/revisions\/5152"}],"wp:featuredmedia":[{"embeddable":true,"href":"https:\/\/villa-mathis.com\/de\/wp-json\/wp\/v2\/media\/5153"}],"wp:attachment":[{"href":"https:\/\/villa-mathis.com\/de\/wp-json\/wp\/v2\/media?parent=4814"}],"wp:term":[{"taxonomy":"category","embeddable":true,"href":"https:\/\/villa-mathis.com\/de\/wp-json\/wp\/v2\/categories?post=4814"},{"taxonomy":"post_tag","embeddable":true,"href":"https:\/\/villa-mathis.com\/de\/wp-json\/wp\/v2\/tags?post=4814"}],"curies":[{"name":"wp","href":"https:\/\/api.w.org\/{rel}","templated":true}]}}