{"id":4798,"date":"2017-06-29T09:08:43","date_gmt":"2017-06-29T09:08:43","guid":{"rendered":"http:\/\/villa-mathis.com\/lexposition-permanente-emile-mathis\/"},"modified":"2017-06-29T09:41:06","modified_gmt":"2017-06-29T09:41:06","slug":"lexposition-permanente-emile-mathis","status":"publish","type":"post","link":"https:\/\/villa-mathis.com\/de\/lexposition-permanente-emile-mathis\/","title":{"rendered":"L\u2019Exposition permanente Emile Mathis"},"content":{"rendered":"<div class=\"wpb-content-wrapper\"><p>[vc_row p_top=&#8220;30&#8243; p_bottom=&#8220;30&#8243;][vc_column][vc_column_text css=&#8220;.vc_custom_1480086518809{padding-bottom: 30px !important;}&#8220;]Pour le plaisir de nos clients, la Villa Mathis accueille l\u2019Exposition permanente de son histoire unique et de la fantastique \u00e9pop\u00e9e d&#8216; Emile Mathis, c\u00e9l\u00e8bre constructeur automobile alsacien du d\u00e9but du XXe si\u00e8cle.<\/p>\n<h3>&nbsp;<\/h3>\n<p>&nbsp;<\/p>\n<h3 style=\"text-align: center;\">La presse locale s&#8217;en fait l&#8217;\u00e9cho !<\/h3>\n<p>&nbsp;<\/p>\n<p style=\"text-align: center;\">Cliquez sur l&#8217;article de votre choix pour l&#8217;agrandir.<\/p>\n<p>&nbsp;[\/vc_column_text][\/vc_column][vc_column width=&#8220;1\/4&#8243;][vc_single_image image=&#8220;4251&#8243; img_size=&#8220;full&#8220; onclick=&#8220;custom_link&#8220; img_link_target=&#8220;_blank&#8220; link=&#8220;https:\/\/villa-mathis.com\/wp-content\/uploads\/2015\/10\/DNA_20_septembre.pdf&#8220;][\/vc_column][vc_column width=&#8220;1\/4&#8243;][vc_single_image image=&#8220;4250&#8243; img_size=&#8220;full&#8220; onclick=&#8220;custom_link&#8220; img_link_target=&#8220;_blank&#8220; link=&#8220;https:\/\/villa-mathis.com\/wp-content\/uploads\/2015\/10\/DNA_30_septembre.pdf&#8220;][\/vc_column][vc_column width=&#8220;1\/4&#8243;][vc_single_image image=&#8220;4249&#8243; img_size=&#8220;full&#8220; onclick=&#8220;custom_link&#8220; img_link_target=&#8220;_blank&#8220; link=&#8220;https:\/\/villa-mathis.com\/wp-content\/uploads\/2015\/10\/Alsace_30_septembre_1.pdf&#8220;][\/vc_column][vc_column width=&#8220;1\/4&#8243;][vc_single_image image=&#8220;4248&#8243; img_size=&#8220;full&#8220; onclick=&#8220;custom_link&#8220; img_link_target=&#8220;_blank&#8220; link=&#8220;https:\/\/villa-mathis.com\/wp-content\/uploads\/2015\/10\/Alsace_30_septembre_2.pdf&#8220;][\/vc_column][\/vc_row]<\/p>\n<\/div>","protected":false},"excerpt":{"rendered":"<p>Pour le plaisir de nos clients, la Villa Mathis accueille l\u2019Exposition permanente de son histoire unique et de la fantastique \u00e9pop\u00e9e d&#8217;Emile Mathis, c\u00e9l\u00e8bre constructeur automobile alsacien du d\u00e9but du XXe si\u00e8cle.<\/p>\n","protected":false},"author":4,"featured_media":2437,"comment_status":"closed","ping_status":"closed","sticky":false,"template":"","format":"standard","meta":{"ngg_post_thumbnail":0,"footnotes":""},"categories":[112],"tags":[],"yoast_head":"<!-- This site is optimized with the Yoast SEO plugin v22.4 - https:\/\/yoast.com\/wordpress\/plugins\/seo\/ -->\n<title>L\u2019Exposition permanente Emile Mathis - La Villa Mathis<\/title>\n<meta name=\"description\" content=\"la Villa Mathis accueille l\u2019Exposition permanente Emile Mathis, c\u00e9l\u00e8bre constructeur automobile alsacien du d\u00e9but du XXe si\u00e8cle.\" \/>\n<meta name=\"robots\" content=\"index, follow, max-snippet:-1, max-image-preview:large, max-video-preview:-1\" \/>\n<link rel=\"canonical\" href=\"https:\/\/villa-mathis.com\/de\/lexposition-permanente-emile-mathis\/\" \/>\n<meta property=\"og:locale\" content=\"de_DE\" \/>\n<meta property=\"og:type\" content=\"article\" \/>\n<meta property=\"og:title\" content=\"L\u2019Exposition permanente Emile Mathis - La Villa Mathis\" \/>\n<meta property=\"og:description\" content=\"la Villa Mathis accueille l\u2019Exposition permanente Emile Mathis, c\u00e9l\u00e8bre constructeur automobile alsacien du d\u00e9but du XXe si\u00e8cle.\" \/>\n<meta property=\"og:url\" content=\"https:\/\/villa-mathis.com\/de\/lexposition-permanente-emile-mathis\/\" \/>\n<meta property=\"og:site_name\" content=\"La Villa Mathis\" \/>\n<meta property=\"article:publisher\" content=\"https:\/\/www.facebook.com\/VillaMathis\" \/>\n<meta property=\"article:published_time\" content=\"2017-06-29T09:08:43+00:00\" \/>\n<meta property=\"article:modified_time\" content=\"2017-06-29T09:41:06+00:00\" \/>\n<meta property=\"og:image\" content=\"https:\/\/villa-mathis.com\/wp-content\/uploads\/2015\/10\/panneau-1.jpg\" \/>\n\t<meta property=\"og:image:width\" content=\"1200\" \/>\n\t<meta property=\"og:image:height\" content=\"723\" \/>\n\t<meta property=\"og:image:type\" content=\"image\/jpeg\" \/>\n<meta name=\"author\" content=\"Pascal\" \/>\n<meta name=\"twitter:card\" content=\"summary_large_image\" \/>\n<meta name=\"twitter:creator\" content=\"@mathisvilla\" \/>\n<meta name=\"twitter:site\" content=\"@mathisvilla\" \/>\n<meta name=\"twitter:label1\" content=\"Verfasst von\" \/>\n\t<meta name=\"twitter:data1\" content=\"Pascal\" \/>\n\t<meta name=\"twitter:label2\" content=\"Gesch\u00e4tzte Lesezeit\" \/>\n\t<meta name=\"twitter:data2\" content=\"1\u00a0Minute\" \/>\n<script type=\"application\/ld+json\" class=\"yoast-schema-graph\">{\"@context\":\"https:\/\/schema.org\",\"@graph\":[{\"@type\":\"WebPage\",\"@id\":\"https:\/\/villa-mathis.com\/de\/lexposition-permanente-emile-mathis\/\",\"url\":\"https:\/\/villa-mathis.com\/de\/lexposition-permanente-emile-mathis\/\",\"name\":\"L\u2019Exposition permanente Emile Mathis - La Villa Mathis\",\"isPartOf\":{\"@id\":\"https:\/\/villa-mathis.com\/#website\"},\"primaryImageOfPage\":{\"@id\":\"https:\/\/villa-mathis.com\/de\/lexposition-permanente-emile-mathis\/#primaryimage\"},\"image\":{\"@id\":\"https:\/\/villa-mathis.com\/de\/lexposition-permanente-emile-mathis\/#primaryimage\"},\"thumbnailUrl\":\"https:\/\/villa-mathis.com\/wp-content\/uploads\/2015\/10\/panneau-1.jpg\",\"datePublished\":\"2017-06-29T09:08:43+00:00\",\"dateModified\":\"2017-06-29T09:41:06+00:00\",\"author\":{\"@id\":\"https:\/\/villa-mathis.com\/#\/schema\/person\/f35d98db17dba267256d6a95cae64224\"},\"description\":\"la Villa Mathis accueille l\u2019Exposition permanente Emile Mathis, c\u00e9l\u00e8bre constructeur automobile alsacien du d\u00e9but du XXe si\u00e8cle.\",\"breadcrumb\":{\"@id\":\"https:\/\/villa-mathis.com\/de\/lexposition-permanente-emile-mathis\/#breadcrumb\"},\"inLanguage\":\"de\",\"potentialAction\":[{\"@type\":\"ReadAction\",\"target\":[\"https:\/\/villa-mathis.com\/de\/lexposition-permanente-emile-mathis\/\"]}]},{\"@type\":\"ImageObject\",\"inLanguage\":\"de\",\"@id\":\"https:\/\/villa-mathis.com\/de\/lexposition-permanente-emile-mathis\/#primaryimage\",\"url\":\"https:\/\/villa-mathis.com\/wp-content\/uploads\/2015\/10\/panneau-1.jpg\",\"contentUrl\":\"https:\/\/villa-mathis.com\/wp-content\/uploads\/2015\/10\/panneau-1.jpg\",\"width\":1200,\"height\":723},{\"@type\":\"BreadcrumbList\",\"@id\":\"https:\/\/villa-mathis.com\/de\/lexposition-permanente-emile-mathis\/#breadcrumb\",\"itemListElement\":[{\"@type\":\"ListItem\",\"position\":1,\"name\":\"Accueil\",\"item\":\"https:\/\/villa-mathis.com\/de\/\"},{\"@type\":\"ListItem\",\"position\":2,\"name\":\"L\u2019Exposition permanente Emile Mathis\"}]},{\"@type\":\"WebSite\",\"@id\":\"https:\/\/villa-mathis.com\/#website\",\"url\":\"https:\/\/villa-mathis.com\/\",\"name\":\"La Villa Mathis\",\"description\":\"Sp\u00e9cialiste du S\u00e9minaire et du Mariage (Alsace et Vosges)\",\"potentialAction\":[{\"@type\":\"SearchAction\",\"target\":{\"@type\":\"EntryPoint\",\"urlTemplate\":\"https:\/\/villa-mathis.com\/?s={search_term_string}\"},\"query-input\":\"required name=search_term_string\"}],\"inLanguage\":\"de\"},{\"@type\":\"Person\",\"@id\":\"https:\/\/villa-mathis.com\/#\/schema\/person\/f35d98db17dba267256d6a95cae64224\",\"name\":\"Pascal\",\"image\":{\"@type\":\"ImageObject\",\"inLanguage\":\"de\",\"@id\":\"https:\/\/villa-mathis.com\/#\/schema\/person\/image\/\",\"url\":\"https:\/\/secure.gravatar.com\/avatar\/f8419dc302be4c8efc9ff10543f2eb2c?s=96&d=mm&r=g\",\"contentUrl\":\"https:\/\/secure.gravatar.com\/avatar\/f8419dc302be4c8efc9ff10543f2eb2c?s=96&d=mm&r=g\",\"caption\":\"Pascal\"}}]}<\/script>\n<!-- \/ Yoast SEO plugin. -->","yoast_head_json":{"title":"L\u2019Exposition permanente Emile Mathis - La Villa Mathis","description":"la Villa Mathis accueille l\u2019Exposition permanente Emile Mathis, c\u00e9l\u00e8bre constructeur automobile alsacien du d\u00e9but du XXe si\u00e8cle.","robots":{"index":"index","follow":"follow","max-snippet":"max-snippet:-1","max-image-preview":"max-image-preview:large","max-video-preview":"max-video-preview:-1"},"canonical":"https:\/\/villa-mathis.com\/de\/lexposition-permanente-emile-mathis\/","og_locale":"de_DE","og_type":"article","og_title":"L\u2019Exposition permanente Emile Mathis - La Villa Mathis","og_description":"la Villa Mathis accueille l\u2019Exposition permanente Emile Mathis, c\u00e9l\u00e8bre constructeur automobile alsacien du d\u00e9but du XXe si\u00e8cle.","og_url":"https:\/\/villa-mathis.com\/de\/lexposition-permanente-emile-mathis\/","og_site_name":"La Villa Mathis","article_publisher":"https:\/\/www.facebook.com\/VillaMathis","article_published_time":"2017-06-29T09:08:43+00:00","article_modified_time":"2017-06-29T09:41:06+00:00","og_image":[{"width":1200,"height":723,"url":"https:\/\/villa-mathis.com\/wp-content\/uploads\/2015\/10\/panneau-1.jpg","type":"image\/jpeg"}],"author":"Pascal","twitter_card":"summary_large_image","twitter_creator":"@mathisvilla","twitter_site":"@mathisvilla","twitter_misc":{"Verfasst von":"Pascal","Gesch\u00e4tzte Lesezeit":"1\u00a0Minute"},"schema":{"@context":"https:\/\/schema.org","@graph":[{"@type":"WebPage","@id":"https:\/\/villa-mathis.com\/de\/lexposition-permanente-emile-mathis\/","url":"https:\/\/villa-mathis.com\/de\/lexposition-permanente-emile-mathis\/","name":"L\u2019Exposition permanente Emile Mathis - La Villa Mathis","isPartOf":{"@id":"https:\/\/villa-mathis.com\/#website"},"primaryImageOfPage":{"@id":"https:\/\/villa-mathis.com\/de\/lexposition-permanente-emile-mathis\/#primaryimage"},"image":{"@id":"https:\/\/villa-mathis.com\/de\/lexposition-permanente-emile-mathis\/#primaryimage"},"thumbnailUrl":"https:\/\/villa-mathis.com\/wp-content\/uploads\/2015\/10\/panneau-1.jpg","datePublished":"2017-06-29T09:08:43+00:00","dateModified":"2017-06-29T09:41:06+00:00","author":{"@id":"https:\/\/villa-mathis.com\/#\/schema\/person\/f35d98db17dba267256d6a95cae64224"},"description":"la Villa Mathis accueille l\u2019Exposition permanente Emile Mathis, c\u00e9l\u00e8bre constructeur automobile alsacien du d\u00e9but du XXe si\u00e8cle.","breadcrumb":{"@id":"https:\/\/villa-mathis.com\/de\/lexposition-permanente-emile-mathis\/#breadcrumb"},"inLanguage":"de","potentialAction":[{"@type":"ReadAction","target":["https:\/\/villa-mathis.com\/de\/lexposition-permanente-emile-mathis\/"]}]},{"@type":"ImageObject","inLanguage":"de","@id":"https:\/\/villa-mathis.com\/de\/lexposition-permanente-emile-mathis\/#primaryimage","url":"https:\/\/villa-mathis.com\/wp-content\/uploads\/2015\/10\/panneau-1.jpg","contentUrl":"https:\/\/villa-mathis.com\/wp-content\/uploads\/2015\/10\/panneau-1.jpg","width":1200,"height":723},{"@type":"BreadcrumbList","@id":"https:\/\/villa-mathis.com\/de\/lexposition-permanente-emile-mathis\/#breadcrumb","itemListElement":[{"@type":"ListItem","position":1,"name":"Accueil","item":"https:\/\/villa-mathis.com\/de\/"},{"@type":"ListItem","position":2,"name":"L\u2019Exposition permanente Emile Mathis"}]},{"@type":"WebSite","@id":"https:\/\/villa-mathis.com\/#website","url":"https:\/\/villa-mathis.com\/","name":"La Villa Mathis","description":"Sp\u00e9cialiste du S\u00e9minaire et du Mariage (Alsace et Vosges)","potentialAction":[{"@type":"SearchAction","target":{"@type":"EntryPoint","urlTemplate":"https:\/\/villa-mathis.com\/?s={search_term_string}"},"query-input":"required name=search_term_string"}],"inLanguage":"de"},{"@type":"Person","@id":"https:\/\/villa-mathis.com\/#\/schema\/person\/f35d98db17dba267256d6a95cae64224","name":"Pascal","image":{"@type":"ImageObject","inLanguage":"de","@id":"https:\/\/villa-mathis.com\/#\/schema\/person\/image\/","url":"https:\/\/secure.gravatar.com\/avatar\/f8419dc302be4c8efc9ff10543f2eb2c?s=96&d=mm&r=g","contentUrl":"https:\/\/secure.gravatar.com\/avatar\/f8419dc302be4c8efc9ff10543f2eb2c?s=96&d=mm&r=g","caption":"Pascal"}}]}},"_links":{"self":[{"href":"https:\/\/villa-mathis.com\/de\/wp-json\/wp\/v2\/posts\/4798"}],"collection":[{"href":"https:\/\/villa-mathis.com\/de\/wp-json\/wp\/v2\/posts"}],"about":[{"href":"https:\/\/villa-mathis.com\/de\/wp-json\/wp\/v2\/types\/post"}],"author":[{"embeddable":true,"href":"https:\/\/villa-mathis.com\/de\/wp-json\/wp\/v2\/users\/4"}],"replies":[{"embeddable":true,"href":"https:\/\/villa-mathis.com\/de\/wp-json\/wp\/v2\/comments?post=4798"}],"version-history":[{"count":2,"href":"https:\/\/villa-mathis.com\/de\/wp-json\/wp\/v2\/posts\/4798\/revisions"}],"predecessor-version":[{"id":4805,"href":"https:\/\/villa-mathis.com\/de\/wp-json\/wp\/v2\/posts\/4798\/revisions\/4805"}],"wp:featuredmedia":[{"embeddable":true,"href":"https:\/\/villa-mathis.com\/de\/wp-json\/wp\/v2\/media\/2437"}],"wp:attachment":[{"href":"https:\/\/villa-mathis.com\/de\/wp-json\/wp\/v2\/media?parent=4798"}],"wp:term":[{"taxonomy":"category","embeddable":true,"href":"https:\/\/villa-mathis.com\/de\/wp-json\/wp\/v2\/categories?post=4798"},{"taxonomy":"post_tag","embeddable":true,"href":"https:\/\/villa-mathis.com\/de\/wp-json\/wp\/v2\/tags?post=4798"}],"curies":[{"name":"wp","href":"https:\/\/api.w.org\/{rel}","templated":true}]}}