{"id":1867,"date":"2015-06-10T06:29:40","date_gmt":"2015-06-10T06:29:40","guid":{"rendered":"http:\/\/villa-mathis.com\/?p=1867"},"modified":"2016-11-26T09:26:28","modified_gmt":"2016-11-26T09:26:28","slug":"soiree-privee-the-place-to-be-3-juillet","status":"publish","type":"post","link":"https:\/\/villa-mathis.com\/de\/soiree-privee-the-place-to-be-3-juillet\/","title":{"rendered":"Soir\u00e9e Priv\u00e9e &#8211; The Place To Be &#8211; 3 juillet"},"content":{"rendered":"<p>&nbsp;<\/p>\n<p><a href=\"https:\/\/villa-mathis.com\/wp-content\/uploads\/2015\/04\/the-place-to-be.png\"><img loading=\"lazy\" decoding=\"async\" class=\" wp-image-1676 size-full aligncenter\" src=\"https:\/\/villa-mathis.com\/wp-content\/uploads\/2015\/04\/the-place-to-be.png\" alt=\"Ville Mathis, the place to be !\" width=\"851\" height=\"315\"><\/a><\/p>\n<p>&nbsp;<\/p>\n<h1>The Place To Be : le 1er vendredi de chaque mois, de 23h00 \u00e0 l\u2019aube !<\/h1>\n<h3><strong>Ambiance assur\u00e9e DJ internationaux et Barman Champion de France de Flair<\/strong><\/h3>\n<h2>&nbsp;<\/h2>\n<h2>Vendredi 3 juillet 2015 &#8211; Cadre d&#8217;exception avec terrasse ext\u00e9rieure am\u00e9nag\u00e9e<\/h2>\n<h3>&nbsp;<\/h3>\n<h3>Soir\u00e9e :<\/h3>\n<ul>\n<li>DJ Lounge \/ Deep &#8211; House<\/li>\n<\/ul>\n<p>&nbsp;<\/p>\n<h3>Open-bar :<\/h3>\n<ul>\n<li>Coca<\/li>\n<li>Jus d&#8217;orange<\/li>\n<li>Whisky<\/li>\n<li>Bi\u00e8re<\/li>\n<li>Cocktail Cr\u00e9mant Villa Mathis)<\/li>\n<\/ul>\n<p>&nbsp;<\/p>\n<h3>Entr\u00e9e avec Open bar : 28\u20ac par personne<\/h3>\n<ul>\n<li>Possibilit\u00e9 de navettes A\/R au d\u00e9part de Colmar Gare et Strasbourg Place de l&#8217;\u00e9toile : + 10 \u20ac (billet sp\u00e9cial avec navette sur Weezevent)<\/li>\n<li>Possibilit\u00e9 de dormir sur place : chambre double + brunch = 33\u20ac\/ personne en chambre double<\/li>\n<li>Bar \u00e0 cocktail Mojito, Mojito Framboise, Ca\u00efpirinha, Pina Colada, Porn Star Martini 5\u20ac le verre<\/li>\n<li>Planchette \u00e0 grignoter \u00e0 5\u20ac<\/li>\n<\/ul>\n<p>&nbsp;<\/p>\n<p style=\"text-align: center;\"><strong>R\u00e9servation vivement recommand\u00e9e !<\/strong><br \/>\n(paiement en ligne s\u00e9curis\u00e9)<\/p>\n<p style=\"text-align: center;\">Ev\u00e9nement termin\u00e9<br \/>\n<script src=\"https:\/\/www.weezevent.com\/js\/widget\/min\/widget.min.js\" type=\"text\/javascript\"><\/script><\/p>\n<p style=\"text-align: center;\">L\u2019abus d\u2019alcool est dangereux pour la sant\u00e9, \u00e0 consommer avec mod\u00e9ration.<\/p>\n<p>&nbsp;<\/p>\n<h2 style=\"text-align: left;\">&nbsp;<\/h2>\n","protected":false},"excerpt":{"rendered":"<p>The Place To Be : le 1er vendredi du mois, de 23h00 \u00e0 l\u2019aube !<br \/>\nA la Villa Mathis &#8211; DJ internationaux et Barman Champion de Flair<\/p>\n","protected":false},"author":4,"featured_media":0,"comment_status":"closed","ping_status":"closed","sticky":false,"template":"","format":"standard","meta":{"ngg_post_thumbnail":0,"footnotes":""},"categories":[1],"tags":[],"yoast_head":"<!-- This site is optimized with the Yoast SEO plugin v22.4 - https:\/\/yoast.com\/wordpress\/plugins\/seo\/ -->\n<title>Soir\u00e9e priv\u00e9 \u00e0 la Villa mathis - The Place To Be !<\/title>\n<meta name=\"description\" content=\"Le 1er vendredi de chaque mois, de 23h00 \u00e0 l\u2019aube. DJ internationaux et Barman Champion de Flair: the place to be !\" \/>\n<meta name=\"robots\" content=\"index, follow, max-snippet:-1, max-image-preview:large, max-video-preview:-1\" \/>\n<link rel=\"canonical\" href=\"https:\/\/villa-mathis.com\/en\/soiree-privee-the-place-to-be-3-juillet\/\" \/>\n<meta property=\"og:locale\" content=\"de_DE\" \/>\n<meta property=\"og:type\" content=\"article\" \/>\n<meta property=\"og:title\" content=\"Soir\u00e9e priv\u00e9 \u00e0 la Villa mathis - The Place To Be !\" \/>\n<meta property=\"og:description\" content=\"Le 1er vendredi de chaque mois, de 23h00 \u00e0 l\u2019aube. DJ internationaux et Barman Champion de Flair: the place to be !\" \/>\n<meta property=\"og:url\" content=\"https:\/\/villa-mathis.com\/en\/soiree-privee-the-place-to-be-3-juillet\/\" \/>\n<meta property=\"og:site_name\" content=\"La Villa Mathis\" \/>\n<meta property=\"article:publisher\" content=\"https:\/\/www.facebook.com\/VillaMathis\" \/>\n<meta property=\"article:published_time\" content=\"2015-06-10T06:29:40+00:00\" \/>\n<meta property=\"article:modified_time\" content=\"2016-11-26T09:26:28+00:00\" \/>\n<meta property=\"og:image\" content=\"https:\/\/villa-mathis.com\/wp-content\/uploads\/2015\/04\/the-place-to-be.png\" \/>\n<meta name=\"author\" content=\"Pascal\" \/>\n<meta name=\"twitter:card\" content=\"summary_large_image\" \/>\n<meta name=\"twitter:creator\" content=\"@mathisvilla\" \/>\n<meta name=\"twitter:site\" content=\"@mathisvilla\" \/>\n<meta name=\"twitter:label1\" content=\"Verfasst von\" \/>\n\t<meta name=\"twitter:data1\" content=\"Pascal\" \/>\n\t<meta name=\"twitter:label2\" content=\"Gesch\u00e4tzte Lesezeit\" \/>\n\t<meta name=\"twitter:data2\" content=\"1\u00a0Minute\" \/>\n<script type=\"application\/ld+json\" class=\"yoast-schema-graph\">{\"@context\":\"https:\/\/schema.org\",\"@graph\":[{\"@type\":\"WebPage\",\"@id\":\"https:\/\/villa-mathis.com\/en\/soiree-privee-the-place-to-be-3-juillet\/\",\"url\":\"https:\/\/villa-mathis.com\/en\/soiree-privee-the-place-to-be-3-juillet\/\",\"name\":\"Soir\u00e9e priv\u00e9 \u00e0 la Villa mathis - The Place To Be !\",\"isPartOf\":{\"@id\":\"https:\/\/villa-mathis.com\/#website\"},\"primaryImageOfPage\":{\"@id\":\"https:\/\/villa-mathis.com\/en\/soiree-privee-the-place-to-be-3-juillet\/#primaryimage\"},\"image\":{\"@id\":\"https:\/\/villa-mathis.com\/en\/soiree-privee-the-place-to-be-3-juillet\/#primaryimage\"},\"thumbnailUrl\":\"https:\/\/villa-mathis.com\/wp-content\/uploads\/2015\/04\/the-place-to-be.png\",\"datePublished\":\"2015-06-10T06:29:40+00:00\",\"dateModified\":\"2016-11-26T09:26:28+00:00\",\"author\":{\"@id\":\"https:\/\/villa-mathis.com\/#\/schema\/person\/f35d98db17dba267256d6a95cae64224\"},\"description\":\"Le 1er vendredi de chaque mois, de 23h00 \u00e0 l\u2019aube. DJ internationaux et Barman Champion de Flair: the place to be !\",\"breadcrumb\":{\"@id\":\"https:\/\/villa-mathis.com\/en\/soiree-privee-the-place-to-be-3-juillet\/#breadcrumb\"},\"inLanguage\":\"de\",\"potentialAction\":[{\"@type\":\"ReadAction\",\"target\":[\"https:\/\/villa-mathis.com\/en\/soiree-privee-the-place-to-be-3-juillet\/\"]}]},{\"@type\":\"ImageObject\",\"inLanguage\":\"de\",\"@id\":\"https:\/\/villa-mathis.com\/en\/soiree-privee-the-place-to-be-3-juillet\/#primaryimage\",\"url\":\"https:\/\/villa-mathis.com\/wp-content\/uploads\/2015\/04\/the-place-to-be.png\",\"contentUrl\":\"https:\/\/villa-mathis.com\/wp-content\/uploads\/2015\/04\/the-place-to-be.png\"},{\"@type\":\"BreadcrumbList\",\"@id\":\"https:\/\/villa-mathis.com\/en\/soiree-privee-the-place-to-be-3-juillet\/#breadcrumb\",\"itemListElement\":[{\"@type\":\"ListItem\",\"position\":1,\"name\":\"Accueil\",\"item\":\"https:\/\/villa-mathis.com\/de\/\"},{\"@type\":\"ListItem\",\"position\":2,\"name\":\"Soir\u00e9e Priv\u00e9e &#8211; The Place To Be &#8211; 3 juillet\"}]},{\"@type\":\"WebSite\",\"@id\":\"https:\/\/villa-mathis.com\/#website\",\"url\":\"https:\/\/villa-mathis.com\/\",\"name\":\"La Villa Mathis\",\"description\":\"Sp\u00e9cialiste du S\u00e9minaire et du Mariage (Alsace et Vosges)\",\"potentialAction\":[{\"@type\":\"SearchAction\",\"target\":{\"@type\":\"EntryPoint\",\"urlTemplate\":\"https:\/\/villa-mathis.com\/?s={search_term_string}\"},\"query-input\":\"required name=search_term_string\"}],\"inLanguage\":\"de\"},{\"@type\":\"Person\",\"@id\":\"https:\/\/villa-mathis.com\/#\/schema\/person\/f35d98db17dba267256d6a95cae64224\",\"name\":\"Pascal\",\"image\":{\"@type\":\"ImageObject\",\"inLanguage\":\"de\",\"@id\":\"https:\/\/villa-mathis.com\/#\/schema\/person\/image\/\",\"url\":\"https:\/\/secure.gravatar.com\/avatar\/f8419dc302be4c8efc9ff10543f2eb2c?s=96&d=mm&r=g\",\"contentUrl\":\"https:\/\/secure.gravatar.com\/avatar\/f8419dc302be4c8efc9ff10543f2eb2c?s=96&d=mm&r=g\",\"caption\":\"Pascal\"}}]}<\/script>\n<!-- \/ Yoast SEO plugin. -->","yoast_head_json":{"title":"Soir\u00e9e priv\u00e9 \u00e0 la Villa mathis - The Place To Be !","description":"Le 1er vendredi de chaque mois, de 23h00 \u00e0 l\u2019aube. DJ internationaux et Barman Champion de Flair: the place to be !","robots":{"index":"index","follow":"follow","max-snippet":"max-snippet:-1","max-image-preview":"max-image-preview:large","max-video-preview":"max-video-preview:-1"},"canonical":"https:\/\/villa-mathis.com\/en\/soiree-privee-the-place-to-be-3-juillet\/","og_locale":"de_DE","og_type":"article","og_title":"Soir\u00e9e priv\u00e9 \u00e0 la Villa mathis - The Place To Be !","og_description":"Le 1er vendredi de chaque mois, de 23h00 \u00e0 l\u2019aube. DJ internationaux et Barman Champion de Flair: the place to be !","og_url":"https:\/\/villa-mathis.com\/en\/soiree-privee-the-place-to-be-3-juillet\/","og_site_name":"La Villa Mathis","article_publisher":"https:\/\/www.facebook.com\/VillaMathis","article_published_time":"2015-06-10T06:29:40+00:00","article_modified_time":"2016-11-26T09:26:28+00:00","og_image":[{"url":"https:\/\/villa-mathis.com\/wp-content\/uploads\/2015\/04\/the-place-to-be.png"}],"author":"Pascal","twitter_card":"summary_large_image","twitter_creator":"@mathisvilla","twitter_site":"@mathisvilla","twitter_misc":{"Verfasst von":"Pascal","Gesch\u00e4tzte Lesezeit":"1\u00a0Minute"},"schema":{"@context":"https:\/\/schema.org","@graph":[{"@type":"WebPage","@id":"https:\/\/villa-mathis.com\/en\/soiree-privee-the-place-to-be-3-juillet\/","url":"https:\/\/villa-mathis.com\/en\/soiree-privee-the-place-to-be-3-juillet\/","name":"Soir\u00e9e priv\u00e9 \u00e0 la Villa mathis - The Place To Be !","isPartOf":{"@id":"https:\/\/villa-mathis.com\/#website"},"primaryImageOfPage":{"@id":"https:\/\/villa-mathis.com\/en\/soiree-privee-the-place-to-be-3-juillet\/#primaryimage"},"image":{"@id":"https:\/\/villa-mathis.com\/en\/soiree-privee-the-place-to-be-3-juillet\/#primaryimage"},"thumbnailUrl":"https:\/\/villa-mathis.com\/wp-content\/uploads\/2015\/04\/the-place-to-be.png","datePublished":"2015-06-10T06:29:40+00:00","dateModified":"2016-11-26T09:26:28+00:00","author":{"@id":"https:\/\/villa-mathis.com\/#\/schema\/person\/f35d98db17dba267256d6a95cae64224"},"description":"Le 1er vendredi de chaque mois, de 23h00 \u00e0 l\u2019aube. DJ internationaux et Barman Champion de Flair: the place to be !","breadcrumb":{"@id":"https:\/\/villa-mathis.com\/en\/soiree-privee-the-place-to-be-3-juillet\/#breadcrumb"},"inLanguage":"de","potentialAction":[{"@type":"ReadAction","target":["https:\/\/villa-mathis.com\/en\/soiree-privee-the-place-to-be-3-juillet\/"]}]},{"@type":"ImageObject","inLanguage":"de","@id":"https:\/\/villa-mathis.com\/en\/soiree-privee-the-place-to-be-3-juillet\/#primaryimage","url":"https:\/\/villa-mathis.com\/wp-content\/uploads\/2015\/04\/the-place-to-be.png","contentUrl":"https:\/\/villa-mathis.com\/wp-content\/uploads\/2015\/04\/the-place-to-be.png"},{"@type":"BreadcrumbList","@id":"https:\/\/villa-mathis.com\/en\/soiree-privee-the-place-to-be-3-juillet\/#breadcrumb","itemListElement":[{"@type":"ListItem","position":1,"name":"Accueil","item":"https:\/\/villa-mathis.com\/de\/"},{"@type":"ListItem","position":2,"name":"Soir\u00e9e Priv\u00e9e &#8211; The Place To Be &#8211; 3 juillet"}]},{"@type":"WebSite","@id":"https:\/\/villa-mathis.com\/#website","url":"https:\/\/villa-mathis.com\/","name":"La Villa Mathis","description":"Sp\u00e9cialiste du S\u00e9minaire et du Mariage (Alsace et Vosges)","potentialAction":[{"@type":"SearchAction","target":{"@type":"EntryPoint","urlTemplate":"https:\/\/villa-mathis.com\/?s={search_term_string}"},"query-input":"required name=search_term_string"}],"inLanguage":"de"},{"@type":"Person","@id":"https:\/\/villa-mathis.com\/#\/schema\/person\/f35d98db17dba267256d6a95cae64224","name":"Pascal","image":{"@type":"ImageObject","inLanguage":"de","@id":"https:\/\/villa-mathis.com\/#\/schema\/person\/image\/","url":"https:\/\/secure.gravatar.com\/avatar\/f8419dc302be4c8efc9ff10543f2eb2c?s=96&d=mm&r=g","contentUrl":"https:\/\/secure.gravatar.com\/avatar\/f8419dc302be4c8efc9ff10543f2eb2c?s=96&d=mm&r=g","caption":"Pascal"}}]}},"_links":{"self":[{"href":"https:\/\/villa-mathis.com\/de\/wp-json\/wp\/v2\/posts\/1867"}],"collection":[{"href":"https:\/\/villa-mathis.com\/de\/wp-json\/wp\/v2\/posts"}],"about":[{"href":"https:\/\/villa-mathis.com\/de\/wp-json\/wp\/v2\/types\/post"}],"author":[{"embeddable":true,"href":"https:\/\/villa-mathis.com\/de\/wp-json\/wp\/v2\/users\/4"}],"replies":[{"embeddable":true,"href":"https:\/\/villa-mathis.com\/de\/wp-json\/wp\/v2\/comments?post=1867"}],"version-history":[{"count":0,"href":"https:\/\/villa-mathis.com\/de\/wp-json\/wp\/v2\/posts\/1867\/revisions"}],"wp:attachment":[{"href":"https:\/\/villa-mathis.com\/de\/wp-json\/wp\/v2\/media?parent=1867"}],"wp:term":[{"taxonomy":"category","embeddable":true,"href":"https:\/\/villa-mathis.com\/de\/wp-json\/wp\/v2\/categories?post=1867"},{"taxonomy":"post_tag","embeddable":true,"href":"https:\/\/villa-mathis.com\/de\/wp-json\/wp\/v2\/tags?post=1867"}],"curies":[{"name":"wp","href":"https:\/\/api.w.org\/{rel}","templated":true}]}}