{"id":1387,"date":"2014-06-30T09:56:57","date_gmt":"2014-06-30T08:56:57","guid":{"rendered":"http:\/\/villa-mathis.com\/?p=1080"},"modified":"2014-06-30T09:56:57","modified_gmt":"2014-06-30T08:56:57","slug":"villa-mathis-alsace-soiree-pasta-party-finale-de-football","status":"publish","type":"post","link":"https:\/\/villa-mathis.com\/de\/villa-mathis-alsace-soiree-pasta-party-finale-de-football\/","title":{"rendered":"Villa Mathis Alsace Soir\u00e9e Pasta Party Finale de Football"},"content":{"rendered":"<p>A la Villa Mathis Alsace dans le cadre du Trail Cr\u00eates et C\u00eemes 2014 (<a href=\"http:\/\/www.trailcretesetcimes.com\" target=\"_blank\" class=\"broken_link\">www.trailcretesetcimes.com<\/a>), nous organisons une soir\u00e9e ambiance Finale de Football et Soir\u00e9e Pasta Party.<\/p>\n<p><span style=\"text-decoration: underline;\">Programme du dimanche soir \u00e0 la Villa :<\/span><\/p>\n<p>&#8211;\u00a0\u00a0\u00a0\u00a0\u00a0\u00a0\u00a0\u00a0\u00a0 Pasta party \u00e0 partir de 19h &#8211; Tarif 5\u20ac TTC par personne (r\u00e9servation possible par mail \u00e0 catherine@villa-mathis.com et r\u00e9gl\u00e9e sur place)<\/p>\n<p>&#8211;\u00a0\u00a0\u00a0\u00a0\u00a0\u00a0\u00a0\u00a0\u00a0 Ch\u00e2teaux gonflables mis \u00e0 disposition par notre partenaire www.locagonfle.com d\u00e9j\u00e0 disponibles le dimanche \u00e0 partir de 15h pour les enfants sous la responsabilit\u00e9 des parents<\/p>\n<p>&#8211;\u00a0\u00a0\u00a0\u00a0\u00a0\u00a0\u00a0\u00a0\u00a0 Finale de football retransmise sur grand \u00e9cran<\/p>\n<p>&#8211;\u00a0\u00a0\u00a0\u00a0\u00a0\u00a0\u00a0\u00a0\u00a0 Feu d\u2019artifice apr\u00e8s le match vers 23h<\/p>\n","protected":false},"excerpt":{"rendered":"<p>A la Villa Mathis Alsace dans le cadre du Trail Cr\u00eates et C\u00eemes 2014 (www.trailcretesetcimes.com), nous organisons une soir\u00e9e ambiance Finale de Football et Soir\u00e9e Pasta Party. Programme du dimanche soir \u00e0 la Villa : &#8211;\u00a0\u00a0\u00a0\u00a0\u00a0\u00a0\u00a0\u00a0\u00a0 Pasta party \u00e0 partir de 19h &#8211; Tarif 5\u20ac TTC par personne (r\u00e9servation possible par mail \u00e0 catherine@villa-mathis.com et [&hellip;]<\/p>\n","protected":false},"author":4,"featured_media":0,"comment_status":"open","ping_status":"open","sticky":false,"template":"","format":"standard","meta":{"ngg_post_thumbnail":0,"footnotes":""},"categories":[1],"tags":[],"yoast_head":"<!-- This site is optimized with the Yoast SEO plugin v22.4 - https:\/\/yoast.com\/wordpress\/plugins\/seo\/ -->\n<title>Villa Mathis Alsace Soir\u00e9e Pasta Party Finale de Football - La Villa Mathis<\/title>\n<meta name=\"description\" content=\"A la Villa Mathis Alsace dans le cadre du Trail Cr\u00eates et C\u00eemes 2014, nous organisons une soir\u00e9e ambiance Finale de Football et Soir\u00e9e Pasta Party.\" \/>\n<meta name=\"robots\" content=\"index, follow, max-snippet:-1, max-image-preview:large, max-video-preview:-1\" \/>\n<link rel=\"canonical\" href=\"https:\/\/villa-mathis.com\/en\/villa-mathis-alsace-soiree-pasta-party-finale-de-football\/\" \/>\n<meta property=\"og:locale\" content=\"de_DE\" \/>\n<meta property=\"og:type\" content=\"article\" \/>\n<meta property=\"og:title\" content=\"Villa Mathis Alsace Soir\u00e9e Pasta Party Finale de Football - La Villa Mathis\" \/>\n<meta property=\"og:description\" content=\"A la Villa Mathis Alsace dans le cadre du Trail Cr\u00eates et C\u00eemes 2014, nous organisons une soir\u00e9e ambiance Finale de Football et Soir\u00e9e Pasta Party.\" \/>\n<meta property=\"og:url\" content=\"https:\/\/villa-mathis.com\/en\/villa-mathis-alsace-soiree-pasta-party-finale-de-football\/\" \/>\n<meta property=\"og:site_name\" content=\"La Villa Mathis\" \/>\n<meta property=\"article:publisher\" content=\"https:\/\/www.facebook.com\/VillaMathis\" \/>\n<meta property=\"article:published_time\" content=\"2014-06-30T08:56:57+00:00\" \/>\n<meta name=\"author\" content=\"Pascal\" \/>\n<meta name=\"twitter:card\" content=\"summary_large_image\" \/>\n<meta name=\"twitter:creator\" content=\"@mathisvilla\" \/>\n<meta name=\"twitter:site\" content=\"@mathisvilla\" \/>\n<meta name=\"twitter:label1\" content=\"Verfasst von\" \/>\n\t<meta name=\"twitter:data1\" content=\"Pascal\" \/>\n\t<meta name=\"twitter:label2\" content=\"Gesch\u00e4tzte Lesezeit\" \/>\n\t<meta name=\"twitter:data2\" content=\"1\u00a0Minute\" \/>\n<script type=\"application\/ld+json\" class=\"yoast-schema-graph\">{\"@context\":\"https:\/\/schema.org\",\"@graph\":[{\"@type\":\"WebPage\",\"@id\":\"https:\/\/villa-mathis.com\/en\/villa-mathis-alsace-soiree-pasta-party-finale-de-football\/\",\"url\":\"https:\/\/villa-mathis.com\/en\/villa-mathis-alsace-soiree-pasta-party-finale-de-football\/\",\"name\":\"Villa Mathis Alsace Soir\u00e9e Pasta Party Finale de Football - La Villa Mathis\",\"isPartOf\":{\"@id\":\"https:\/\/villa-mathis.com\/#website\"},\"datePublished\":\"2014-06-30T08:56:57+00:00\",\"dateModified\":\"2014-06-30T08:56:57+00:00\",\"author\":{\"@id\":\"https:\/\/villa-mathis.com\/#\/schema\/person\/f35d98db17dba267256d6a95cae64224\"},\"description\":\"A la Villa Mathis Alsace dans le cadre du Trail Cr\u00eates et C\u00eemes 2014, nous organisons une soir\u00e9e ambiance Finale de Football et Soir\u00e9e Pasta Party.\",\"breadcrumb\":{\"@id\":\"https:\/\/villa-mathis.com\/en\/villa-mathis-alsace-soiree-pasta-party-finale-de-football\/#breadcrumb\"},\"inLanguage\":\"de\",\"potentialAction\":[{\"@type\":\"ReadAction\",\"target\":[\"https:\/\/villa-mathis.com\/en\/villa-mathis-alsace-soiree-pasta-party-finale-de-football\/\"]}]},{\"@type\":\"BreadcrumbList\",\"@id\":\"https:\/\/villa-mathis.com\/en\/villa-mathis-alsace-soiree-pasta-party-finale-de-football\/#breadcrumb\",\"itemListElement\":[{\"@type\":\"ListItem\",\"position\":1,\"name\":\"Accueil\",\"item\":\"https:\/\/villa-mathis.com\/de\/\"},{\"@type\":\"ListItem\",\"position\":2,\"name\":\"Villa Mathis Alsace Soir\u00e9e Pasta Party Finale de Football\"}]},{\"@type\":\"WebSite\",\"@id\":\"https:\/\/villa-mathis.com\/#website\",\"url\":\"https:\/\/villa-mathis.com\/\",\"name\":\"La Villa Mathis\",\"description\":\"Sp\u00e9cialiste du S\u00e9minaire et du Mariage (Alsace et Vosges)\",\"potentialAction\":[{\"@type\":\"SearchAction\",\"target\":{\"@type\":\"EntryPoint\",\"urlTemplate\":\"https:\/\/villa-mathis.com\/?s={search_term_string}\"},\"query-input\":\"required name=search_term_string\"}],\"inLanguage\":\"de\"},{\"@type\":\"Person\",\"@id\":\"https:\/\/villa-mathis.com\/#\/schema\/person\/f35d98db17dba267256d6a95cae64224\",\"name\":\"Pascal\",\"image\":{\"@type\":\"ImageObject\",\"inLanguage\":\"de\",\"@id\":\"https:\/\/villa-mathis.com\/#\/schema\/person\/image\/\",\"url\":\"https:\/\/secure.gravatar.com\/avatar\/f8419dc302be4c8efc9ff10543f2eb2c?s=96&d=mm&r=g\",\"contentUrl\":\"https:\/\/secure.gravatar.com\/avatar\/f8419dc302be4c8efc9ff10543f2eb2c?s=96&d=mm&r=g\",\"caption\":\"Pascal\"}}]}<\/script>\n<!-- \/ Yoast SEO plugin. -->","yoast_head_json":{"title":"Villa Mathis Alsace Soir\u00e9e Pasta Party Finale de Football - La Villa Mathis","description":"A la Villa Mathis Alsace dans le cadre du Trail Cr\u00eates et C\u00eemes 2014, nous organisons une soir\u00e9e ambiance Finale de Football et Soir\u00e9e Pasta Party.","robots":{"index":"index","follow":"follow","max-snippet":"max-snippet:-1","max-image-preview":"max-image-preview:large","max-video-preview":"max-video-preview:-1"},"canonical":"https:\/\/villa-mathis.com\/en\/villa-mathis-alsace-soiree-pasta-party-finale-de-football\/","og_locale":"de_DE","og_type":"article","og_title":"Villa Mathis Alsace Soir\u00e9e Pasta Party Finale de Football - La Villa Mathis","og_description":"A la Villa Mathis Alsace dans le cadre du Trail Cr\u00eates et C\u00eemes 2014, nous organisons une soir\u00e9e ambiance Finale de Football et Soir\u00e9e Pasta Party.","og_url":"https:\/\/villa-mathis.com\/en\/villa-mathis-alsace-soiree-pasta-party-finale-de-football\/","og_site_name":"La Villa Mathis","article_publisher":"https:\/\/www.facebook.com\/VillaMathis","article_published_time":"2014-06-30T08:56:57+00:00","author":"Pascal","twitter_card":"summary_large_image","twitter_creator":"@mathisvilla","twitter_site":"@mathisvilla","twitter_misc":{"Verfasst von":"Pascal","Gesch\u00e4tzte Lesezeit":"1\u00a0Minute"},"schema":{"@context":"https:\/\/schema.org","@graph":[{"@type":"WebPage","@id":"https:\/\/villa-mathis.com\/en\/villa-mathis-alsace-soiree-pasta-party-finale-de-football\/","url":"https:\/\/villa-mathis.com\/en\/villa-mathis-alsace-soiree-pasta-party-finale-de-football\/","name":"Villa Mathis Alsace Soir\u00e9e Pasta Party Finale de Football - La Villa Mathis","isPartOf":{"@id":"https:\/\/villa-mathis.com\/#website"},"datePublished":"2014-06-30T08:56:57+00:00","dateModified":"2014-06-30T08:56:57+00:00","author":{"@id":"https:\/\/villa-mathis.com\/#\/schema\/person\/f35d98db17dba267256d6a95cae64224"},"description":"A la Villa Mathis Alsace dans le cadre du Trail Cr\u00eates et C\u00eemes 2014, nous organisons une soir\u00e9e ambiance Finale de Football et Soir\u00e9e Pasta Party.","breadcrumb":{"@id":"https:\/\/villa-mathis.com\/en\/villa-mathis-alsace-soiree-pasta-party-finale-de-football\/#breadcrumb"},"inLanguage":"de","potentialAction":[{"@type":"ReadAction","target":["https:\/\/villa-mathis.com\/en\/villa-mathis-alsace-soiree-pasta-party-finale-de-football\/"]}]},{"@type":"BreadcrumbList","@id":"https:\/\/villa-mathis.com\/en\/villa-mathis-alsace-soiree-pasta-party-finale-de-football\/#breadcrumb","itemListElement":[{"@type":"ListItem","position":1,"name":"Accueil","item":"https:\/\/villa-mathis.com\/de\/"},{"@type":"ListItem","position":2,"name":"Villa Mathis Alsace Soir\u00e9e Pasta Party Finale de Football"}]},{"@type":"WebSite","@id":"https:\/\/villa-mathis.com\/#website","url":"https:\/\/villa-mathis.com\/","name":"La Villa Mathis","description":"Sp\u00e9cialiste du S\u00e9minaire et du Mariage (Alsace et Vosges)","potentialAction":[{"@type":"SearchAction","target":{"@type":"EntryPoint","urlTemplate":"https:\/\/villa-mathis.com\/?s={search_term_string}"},"query-input":"required name=search_term_string"}],"inLanguage":"de"},{"@type":"Person","@id":"https:\/\/villa-mathis.com\/#\/schema\/person\/f35d98db17dba267256d6a95cae64224","name":"Pascal","image":{"@type":"ImageObject","inLanguage":"de","@id":"https:\/\/villa-mathis.com\/#\/schema\/person\/image\/","url":"https:\/\/secure.gravatar.com\/avatar\/f8419dc302be4c8efc9ff10543f2eb2c?s=96&d=mm&r=g","contentUrl":"https:\/\/secure.gravatar.com\/avatar\/f8419dc302be4c8efc9ff10543f2eb2c?s=96&d=mm&r=g","caption":"Pascal"}}]}},"_links":{"self":[{"href":"https:\/\/villa-mathis.com\/de\/wp-json\/wp\/v2\/posts\/1387"}],"collection":[{"href":"https:\/\/villa-mathis.com\/de\/wp-json\/wp\/v2\/posts"}],"about":[{"href":"https:\/\/villa-mathis.com\/de\/wp-json\/wp\/v2\/types\/post"}],"author":[{"embeddable":true,"href":"https:\/\/villa-mathis.com\/de\/wp-json\/wp\/v2\/users\/4"}],"replies":[{"embeddable":true,"href":"https:\/\/villa-mathis.com\/de\/wp-json\/wp\/v2\/comments?post=1387"}],"version-history":[{"count":0,"href":"https:\/\/villa-mathis.com\/de\/wp-json\/wp\/v2\/posts\/1387\/revisions"}],"wp:attachment":[{"href":"https:\/\/villa-mathis.com\/de\/wp-json\/wp\/v2\/media?parent=1387"}],"wp:term":[{"taxonomy":"category","embeddable":true,"href":"https:\/\/villa-mathis.com\/de\/wp-json\/wp\/v2\/categories?post=1387"},{"taxonomy":"post_tag","embeddable":true,"href":"https:\/\/villa-mathis.com\/de\/wp-json\/wp\/v2\/tags?post=1387"}],"curies":[{"name":"wp","href":"https:\/\/api.w.org\/{rel}","templated":true}]}}